{"id":1950,"date":"2019-05-01T00:00:00","date_gmt":"2019-05-01T00:00:00","guid":{"rendered":"https:\/\/www.rbcwealthmanagement.com\/fr-ca\/2019\/05\/01\/the-path-of-longevity\/"},"modified":"2024-10-22T10:46:10","modified_gmt":"2024-10-22T14:46:10","slug":"the-path-of-longevity","status":"publish","type":"post","link":"https:\/\/www.rbcwealthmanagement.com\/fr-ca\/insights\/the-path-of-longevity","title":{"rendered":"La voie de la long\u00e9vit\u00e9"},"content":{"rendered":"\n<p>Le vieillissement \u2014 cela va de soi \u2014 peut \u00eatre un sujet de discussion difficile. Bien que cela fasse naturellement partie de la vie et que ce soit un processus que tout humain traverse, envisager son d\u00e9clin physique ou cognitif peut s\u2019av\u00e9rer difficile \u00e0 accepter, et le fait de ne pas savoir si et quand sa condition pourrait changer peut nous rendre mal \u00e0 l\u2019aise. Si tel \u00e9tait le cas, la mise en place de plans pour tenir compte de pr\u00e9occupations de sant\u00e9 \u00e9ventuelles li\u00e9es \u00e0 l\u2019\u00e2ge serait quelque chose que plusieurs tendent \u00e0 \u00e9viter ou \u00e0 reporter ind\u00e9finiment.<\/p>\n\n\n\n<p>Les Canadiens vivant g\u00e9n\u00e9ralement plus longtemps et avec plus de baby-boomers s\u2019appr\u00eatant \u00e0 prendre leur retraite incessamment, la r\u00e9alit\u00e9 telle que v\u00e9cue par les a\u00een\u00e9s et ceux en fin de vie est devenue un enjeu auquel un nombre croissant de familles doit maintenant faire face. Toutefois, plusieurs familles tentent de naviguer en eaux troubles et de composer avec ces situations souvent difficiles et troublantes sans aucune indication quant aux d\u00e9sirs de leurs proches, sans conna\u00eetre leurs intentions et sans plan qui tienne compte de leurs d\u00e9cisions financi\u00e8res ainsi qu\u2019en mati\u00e8re de soins personnels.<\/p>\n\n\n\n<p>Ceci \u00e9tant, l\u2019importance de planifier en fonction d\u2019enjeux de sant\u00e9 potentiels, aussi longtemps \u00e0 l\u2019avance que possible, ne peut \u00eatre minimis\u00e9e \u2014 pour la protection et l\u2019assurance que cela peut procurer que ce soit sur le plan de ses finances personnelles ou de la tranquillit\u00e9 d\u2019esprit pour soi-m\u00eame et ses proches. &nbsp;<\/p>\n\n\n\n<h4 class=\"wp-block-heading\">Agir suite \u00e0 notre prise de conscience des r\u00e9alit\u00e9s v\u00e9cues par les a\u00een\u00e9s sur le plan de la sant\u00e9&nbsp; &nbsp;<\/h4>\n\n\n\n<p>Selon la Soci\u00e9t\u00e9 Alzheimer Canada, presque 40 pour cent des personnes \u00e2g\u00e9es de plus de 65 ans sont sujettes \u00e0 une forme quelconque de perte de m\u00e9moire. Bien que certaines formes soient consid\u00e9r\u00e9es comme faisant partie d\u2019un processus normal de vieillissement, on observe un nombre croissant de cas de maladies d\u2019Alzheimer et d\u2019autres formes de d\u00e9mence chez les a\u00een\u00e9s canadiens, et ce nombre est appel\u00e9 \u00e0 cro\u00eetre au cours de la prochaine d\u00e9cennie.<sup>1 <\/sup>Aussi, lorsqu\u2019il s\u2019agit de tous les types d\u2019incapacit\u00e9s \u2014 physiques et cognitives \u2014 les a\u00een\u00e9s sont presque deux fois plus enclins que les Canadiens en \u00e2ge de travailler (les 25 \u00e0 64 ans) \u00e0 \u00eatre atteints d\u2019au moins une condition qui limite leurs activit\u00e9s quotidiennes.<sup>2<\/sup><\/p>\n\n\n\n<p>\u00ab&nbsp;On est d\u00e9finitivement plus conscients de nos jours des pr\u00e9occupations que peuvent susciter la sant\u00e9 des a\u00een\u00e9s et la possibilit\u00e9 qu\u2019il puisse survenir une situation d\u2019invalidit\u00e9 ou d\u2019incapacit\u00e9, mais il existe n\u00e9anmoins tout un foss\u00e9 \u00e0 combler quant \u00e0 savoir comment cela se traduit en planification proactive chez de nombreux Canadiens,&nbsp;\u00bb de commenter madame Leanne Kaufman, chef de RBC Trust Royal. \u00ab&nbsp;On comprend de mieux en mieux les enjeux en cause et la possibilit\u00e9 qu\u2019un tel \u00e9v\u00e8nement puisse survenir, mais plusieurs ne comprennent toujours pas les implications de ne pas se doter d\u2019un bon plan \u2014 ou de tout plan \u2014 et des probl\u00e8mes qu\u2019une telle situation pourrait engendrer.&nbsp;\u00bb<\/p>\n\n\n\n<p>Bien que cet aspect de la planification successorale en soit un que plusieurs reconnaissent comme \u00e9tant n\u00e9cessaire, il y a un \u00e9tat d\u2019esprit assez g\u00e9n\u00e9ralis\u00e9 selon lequel il s\u2019agit d\u2019une d\u00e9cision qu\u2019on peut reporter. Le probl\u00e8me, toutefois, comme le mentionne madame Kaufman, est que \u00ab&nbsp;s\u2019il survenait un impr\u00e9vu ou, alors que certains commenceront \u00e0 devoir composer avec des enjeux de sant\u00e9 associ\u00e9s au vieillissement, s\u2019il se pr\u00e9sentait une situation d\u2019incapacit\u00e9, que celle-ci soit temporaire ou permanente, personne ne serait alors habilit\u00e9e \u00e0 agir en votre nom, \u00e0 moins que vous n\u2019ayez une procuration. Il peut s\u2019agir d\u2019un document tr\u00e8s simple, mais qui vous permettra d\u2019\u00e9conomiser beaucoup de stress et de temps.&nbsp;\u00bb<\/p>\n\n\n\n<div class=\"row migrated\"> <div class=\"col-md-6\"> <div class=\"well is-style-b-tundra b-tundra migrated\"> <h4>Procuration &ndash; Un aper&ccedil;u<\/h4> <p>Une procuration (ou un mandat de protection au Qu&eacute;bec) est un document qui conf&egrave;re le droit &agrave; une autre personne d&rsquo;agir en votre nom. Il existe deux types de procurations&nbsp;: une procuration aux biens et une procuration aux soins personnels. &nbsp;Selon votre province ou territoire de r&eacute;sidence, il pourra s&rsquo;agir d&rsquo;un seul et m&ecirc;me document ou de plusieurs documents distincts qui d&eacute;criront les pouvoirs d&eacute;volus &agrave; une ou plusieurs personnes (g&eacute;n&eacute;ralement d&eacute;sign&eacute;es de &laquo;&nbsp;fond&eacute;s de pouvoir&nbsp;&raquo; ou de &laquo;&nbsp;mandataire&nbsp;&raquo; au Qu&eacute;bec) afin de leur permettre de prendre des d&eacute;cisions en votre nom quant &agrave; vos soins personnels et\/ou finances et biens.<\/p> <p>Une procuration standard pour les biens permet &agrave; une personne autre que vous de prendre l&eacute;galement des d&eacute;cisions quant &agrave; vos finances et vos biens (p. ex. d&rsquo;effectuer des transactions bancaires, de payer vos comptes, de g&eacute;rer vos placements). Une procuration pour les soins personnels autorise une personne d&ucirc;ment d&eacute;sign&eacute;e &agrave; prendre des d&eacute;cisions concernant vos soins personnels (soins de sant&eacute;, traitements m&eacute;dicaux et logement).<\/p> <p class=\"footnote italic\"><strong>Note&nbsp;:<\/strong> &Eacute;tant donn&eacute; les diff&eacute;rences provinciales et territoriales quant &agrave; la mani&egrave;re dont ces documents sont cr&eacute;&eacute;s et sign&eacute;s, il est essentiel de consulter un conseiller juridique qualifi&eacute; afin de vous assurer de l&rsquo;exactitude de la teneur et de la signature&nbsp; de ces documents.<\/p> <p>Pour plus d&rsquo;information sur les procurations et le choix d&rsquo;un fond&eacute; de pouvoir, veuillez prendre connaissance de l&rsquo;article du printemps 2018 de <em>Perspectives<\/em> intitul&eacute;, &laquo;&nbsp;<a href=\"\/insights\/\">Le pouvoir de choisir<\/a>&nbsp;&raquo; ou visionner les <a href=\"\/royal-trust\/\" target=\"_blank\" class=\"link-ext\" rel=\"noopener\">vid&eacute;os sur les procurations<\/a> et autres ressources utiles de RBC Trust Royal.<\/p> <\/div> <\/div> <div class=\"col-md-6\"> <h4>D&eacute;fis pour les aidants et les membres de la famille &nbsp;<\/h4> <p>Selon de r&eacute;centes statistiques, environ 1,1 million de Canadiens seraient affect&eacute;s directement ou indirectement par la d&eacute;mence, et un Canadien sur cinq a d&eacute;j&agrave; eu &agrave; prodiguer des soins &agrave; une personne atteinte d&rsquo;une forme quelconque de d&eacute;mence.<sup>3<\/sup> Un rapport y associ&eacute; a aussi r&eacute;v&eacute;l&eacute; que parmi les aidants, 87 pour cent souhaitaient que les gens comprennent mieux la r&eacute;alit&eacute; d&rsquo;avoir &agrave; prendre soin d&rsquo;une personne atteinte de d&eacute;mence, les deux tiers trouvaient que leur situation d&rsquo;aidant les menaient &agrave; l&rsquo;isolement et plusieurs avaient de la difficult&eacute; &agrave; acc&eacute;der &agrave; l&rsquo;aide et aux services appropri&eacute;s.<sup>4<\/sup> En d&rsquo;autres mots, prendre soin d&rsquo;un &ecirc;tre cher peut s&rsquo;av&eacute;rer &eacute;prouvant, et ce, tant &eacute;motionnellement que financi&egrave;rement.<\/p> <p>&laquo;&nbsp;Lorsque les personnes ont omis de se doter d&rsquo;une planification ou d&rsquo;en discuter avec leurs proches &mdash; ou les deux &mdash; cela ajoute un autre niveau de stress qui souvent deviendra ing&eacute;rable pour les proches, tout particuli&egrave;rement lorsque les d&eacute;cisions sur le plan des soins et des finances incomberont &agrave; un seul membre de la famille,&nbsp;&raquo; d&rsquo;expliquer madame Kaufman. &laquo;&nbsp;Il est aussi important de consid&eacute;rer le d&eacute;fi que devra relever une personne qui doit assumer les responsabilit&eacute;s financi&egrave;res pour un &ecirc;tre cher, tout en lui consacrant beaucoup de temps dans un h&ocirc;pital ou un &eacute;tablissement de soins.&nbsp;&raquo;<\/p> <p>Selon les circonstances, la dynamique familiale pourra aussi &ecirc;tre un facteur important quant &agrave; la fa&ccedil;on avec laquelle on composera et on g&eacute;rera une situation d&rsquo;invalidit&eacute; ou d&rsquo;incapacit&eacute;. Par cons&eacute;quent, il sera n&eacute;cessaire de r&eacute;fl&eacute;chir attentivement &agrave; sa famille, aux complexit&eacute;s potentielles ainsi qu&rsquo;aux options et approches en mati&egrave;re de soins de sant&eacute; pour les a&icirc;n&eacute;s et de planification successorale afin d&rsquo;aider &agrave; mitiger le stress et diminuer les possibilit&eacute;s de conflits.<\/p> <\/div> <\/div>\n\n\n\n<h4 class=\"wp-block-heading\">Au-del\u00e0 des stigmates et de l\u2019inconfort face \u00e0 l\u2019inconnu<\/h4>\n\n\n\n<p>Les sondages indiquent que plus de la moiti\u00e9 des Canadiens sont pr\u00e9occup\u00e9s \u00e0 l\u2019id\u00e9e d\u2019\u00eatre atteints de la maladie d\u2019Alzheimer ou de d\u00e9mence, et que la principale pr\u00e9occupation pour plusieurs est de devenir un fardeau pour autrui.<sup>5<\/sup> De plus, 46 pour cent disent qu\u2019ils se sentiraient mal \u00e0 l\u2019aise pour ce qui est de divulguer leur d\u00e9mence, et ce, m\u00eame \u00e0 des membres de leur famille.<sup>6<\/sup> Lorsque ces types de pr\u00e9occupations ou ces stigmates de la d\u00e9mence sont bien ancr\u00e9s, ceux-ci pourront constituer un obstacle majeur \u00e0 une planification successorale et en cas d\u2019inaptitude, et \u00e0 avoir ces conversations cruciales avec des membres de sa famille. Pour surmonter ces obstacles, il est important de comprendre comment une planification appropri\u00e9e pourra aider \u00e0 mitiger certaines de ces inqui\u00e9tudes et pr\u00e9occupations.<\/p>\n\n\n\n<p>\u00ab&nbsp;Ce que les gens doivent r\u00e9aliser c\u2019est qu\u2019\u00e0 d\u00e9faut d\u2019avoir une procuration, d\u2019avoir consid\u00e9r\u00e9 soigneusement qui serait la meilleure personne pour agir pour et en son nom, d\u2019avoir communiqu\u00e9 ses d\u00e9sirs et ses pr\u00e9f\u00e9rences \u00e0 ses proches, c\u2019est justement dans une telle situation qu\u2019on devient un fardeau pour autrui,&nbsp;\u00bb de souligner madame Kaufman. \u00ab&nbsp;S\u2019il survenait une situation d\u2019incapacit\u00e9 et qu\u2019un de ces aspects avait \u00e9t\u00e9 n\u00e9glig\u00e9, les membres de la famille auraient potentiellement \u00e0 s\u2019adresser aux tribunaux et prendre des d\u00e9cisions sans information ou sans direction quant \u00e0 votre situation financi\u00e8re et sans savoir ce que vous auriez d\u00e9sir\u00e9 sur le plan des soins. Par cons\u00e9quent, c\u2019est plut\u00f4t le manque de planification et le fait de laisser ses proches dans l\u2019inconnu qui font en sorte de placer un fardeau sur les proches de la personne atteinte d\u2019incapacit\u00e9.&nbsp;\u00bb<\/p>\n\n\n\n<figure class=\"wp-block-image size-full is-resized\"><img loading=\"lazy\" decoding=\"async\" src=\"https:\/\/www.rbcwealthmanagement.com\/fr-ca\/wp-content\/uploads\/sites\/6\/2019\/05\/woman-hiker-in-the-woods-holding-backpack-straps-in-page.jpg\" alt=\"woman hiker in the woods holding backpack straps\" class=\"wp-image-1951\" width=\"778\" height=\"518\" srcset=\"https:\/\/www.rbcwealthmanagement.com\/fr-ca\/wp-content\/uploads\/sites\/6\/2019\/05\/woman-hiker-in-the-woods-holding-backpack-straps-in-page.jpg 778w, https:\/\/www.rbcwealthmanagement.com\/fr-ca\/wp-content\/uploads\/sites\/6\/2019\/05\/woman-hiker-in-the-woods-holding-backpack-straps-in-page.jpg?resize=300,200 300w, https:\/\/www.rbcwealthmanagement.com\/fr-ca\/wp-content\/uploads\/sites\/6\/2019\/05\/woman-hiker-in-the-woods-holding-backpack-straps-in-page.jpg?resize=768,511 768w\" sizes=\"auto, (max-width: 778px) 100vw, 778px\" \/><\/figure>\n\n\n\n<h4 class=\"wp-block-heading\">Prendre des mesures proactives<\/h4>\n\n\n\n<p>Si vous \u00e9tiez quelqu\u2019un qui \u00e9prouvait des difficult\u00e9s \u00e9motionnelles \u00e0 planifier d\u2019avance ou si vous pr\u00e9sumiez que ce type de planification \u00e9tait quelque chose \u00e0 reporter \u00e0 un moment donn\u00e9 dans le futur, un bon point de d\u00e9part serait tout simplement de dresser un sc\u00e9nario hypoth\u00e9tique et de consid\u00e9rer les impacts personnels, familiaux et financiers \u2014 un exercice que vous pourrez faire individuellement, avec votre conjoint ou un autre proche ou encore avec un sp\u00e9cialiste en planification successorale ou un conseiller juridique qualifi\u00e9. Certaines personnes trouveront aussi utile d\u2019effectuer des recherches sur les programmes d\u2019assistance ainsi que sur les ressources et les options disponibles en mati\u00e8re de soins.<\/p>\n\n\n\n<p>De fa\u00e7on g\u00e9n\u00e9rale, ce type d\u2019exercice exploratoire pourra s\u2019av\u00e9rer efficace pour vous aider \u00e0 d\u00e9finir vos d\u00e9sirs, vos intentions et ce qui importe le plus pour vous. Pour certains, ce sera aussi un incitatif pour avoir des conversations avec des \u00eatres chers, ce qui ultimement pourrait accro\u00eetre votre tranquillit\u00e9 d\u2019esprit, sachant qu\u2019ils n\u2019auront pas \u00e0 assumer des fardeaux inutiles ou trouver des r\u00e9ponses \u00e0 des questions troublantes \u00e0 un moment qui risque d\u2019\u00eatre tr\u00e8s stressant et \u00e9motionnellement \u00e9puisant pour eux, et ce, particuli\u00e8rement s\u2019ils agissaient aussi comme aidants.<\/p>\n\n\n\n<p>Une autre consid\u00e9ration importante est de soupeser vos options pour ce qui est de faire appel \u00e0 des tiers pour vos procurations (pour les finances). Qu\u2019ils agissent en tant que mandataires pour administrer vos biens ou pour pr\u00eater assistance au mandataire d\u00e9sign\u00e9, des experts qualifi\u00e9s et chevronn\u00e9s comme ceux de RBC Trust Royal proposent une approche personnalis\u00e9e et peuvent s\u2019impliquer en assumant quelques-unes seulement ou autant de responsabilit\u00e9s administratives que vous le souhaitez. &nbsp;<\/p>\n\n\n\n<p>Quant au moment opportun pour ce faire, madame Kaufman r\u00e9it\u00e8re ce message important&nbsp;: \u00ab&nbsp;Lorsque je discute de planification quant \u00e0 une incapacit\u00e9 potentielle, une question qui m\u2019est souvent pos\u00e9e est&nbsp;: \u201cQuel est le meilleur moment pour pr\u00e9parer une telle planification&nbsp;?\u201d Ma r\u00e9ponse est toujours \u201cHier\u201d, et ce, ind\u00e9pendamment de votre \u00e2ge. Une incapacit\u00e9 pouvant survenir \u00e0 tout \u00e2ge, et non seulement dans la vieillesse, il n\u2019est jamais trop t\u00f4t pour avoir ces conversations et commencer \u00e0 planifier en cons\u00e9quence. Puis, lorsque surviennent des \u00e9v\u00e8nements de la vie, retournez \u00e0 votre planification, r\u00e9visez-la et discutez-en de nouveau.&nbsp;\u00bb<\/p>\n\n\n\n<p>Pour plus d\u2019information sur RBC Trust Royal, veuillez visiter <a href=\"\/royal-trust\/\" target=\"_blank\" class=\"link-ext\" rel=\"noopener\">RBC Trust Royal<\/a><\/p>\n\n\n\n<div class=\"wp-block-rbcwm-well well is-style-default mb-3 migrated\">\n<figure class=\"wp-block-image size-full is-resized\"><img loading=\"lazy\" decoding=\"async\" src=\"https:\/\/www.rbcwealthmanagement.com\/fr-ca\/wp-content\/uploads\/sites\/6\/2019\/05\/mother-and-daughter-hugging-in-page.jpg\" alt=\"mother and daughter hugging\" class=\"wp-image-1952\" width=\"778\" height=\"518\" srcset=\"https:\/\/www.rbcwealthmanagement.com\/fr-ca\/wp-content\/uploads\/sites\/6\/2019\/05\/mother-and-daughter-hugging-in-page.jpg 778w, https:\/\/www.rbcwealthmanagement.com\/fr-ca\/wp-content\/uploads\/sites\/6\/2019\/05\/mother-and-daughter-hugging-in-page.jpg?resize=300,200 300w, https:\/\/www.rbcwealthmanagement.com\/fr-ca\/wp-content\/uploads\/sites\/6\/2019\/05\/mother-and-daughter-hugging-in-page.jpg?resize=768,511 768w\" sizes=\"auto, (max-width: 778px) 100vw, 778px\" \/><\/figure>\n\n\n\n<h4 class=\"wp-block-heading has-text-align-left\" id=\"h-les-cinq-questions-principales-a-considerer-quant-au-choix-d-un-mandataire-en-vertu-d-un-mandat-de-protection\">Les cinq questions principales \u00e0 consid\u00e9rer quant au choix d\u2019un mandataire en vertu d\u2019un mandat de protection<\/h4>\n\n\n\n<p class=\"footnote italic\">Cette liste n\u2019est pas exhaustive et n\u2019est fournie qu\u2019\u00e0 titre informatif. Afin de vous assurer que votre situation personnelle aura \u00e9t\u00e9 prise en consid\u00e9ration comme il se doit et que vous agirez en fonction de l\u2019information la plus r\u00e9cente disponible, il est essentiel que vous consultiez votre conseiller juridique qualifi\u00e9.<\/p>\n\n\n\n<h5 class=\"wp-block-heading has-text-align-left\" id=\"h-1-nbsp-souhaitez-vous-que-plus-d-une-personne-agisse-pour-et-en-votre-nom-et-si-oui-comment-nbsp\">1.&nbsp;Souhaitez-vous que plus d\u2019une personne agisse pour et en votre nom, et si oui, comment&nbsp;?<\/h5>\n\n\n\n<ul class=\"wp-block-list\">\n<li>Plusieurs choix s\u2019offriraient \u00e0 vous si vous consid\u00e9riez d\u00e9signer plus d\u2019un mandataire. En effet, vous pourriez faire en sorte que vos mandataires soient tenus d\u2019agir ensemble (\u00ab&nbsp;conjointement&nbsp;\u00bb) ou vous pourriez leur accorder la flexibilit\u00e9 voulue pour agir s\u00e9par\u00e9ment ou ensemble (\u00ab&nbsp;conjointement et solidairement&nbsp;*\u00bb).<\/li>\n\n\n\n<li>Les t\u00e2ches que pourra accomplir votre mandataire ou vos mandataires d\u00e9pendront aussi des pouvoirs qui leur seront conf\u00e9r\u00e9s dans le document. Par exemple, vous pourriez convenir d\u2019une procuration g\u00e9n\u00e9rale relative aux biens qui s\u2019applique \u00e0 tous les biens et toutes les questions financi\u00e8res ou une plus sp\u00e9cifique ne portant que sur quelques points. Il est \u00e9galement possible de conf\u00e9rer des pouvoirs d\u00e9cisionnels ind\u00e9pendants \u00e0 des personnes distinctes pour diff\u00e9rentes t\u00e2ches.<\/li>\n<\/ul>\n\n\n\n<p class=\"footnote italic mb-half\"><strong>Note&nbsp;:<\/strong> Pour ces sc\u00e9narios, il est essentiel de consulter votre conseiller juridique qualifi\u00e9 afin de bien comprendre ce que chaque mandataire pourra entreprendre seul, pour et en votre nom, quelles actions ne pourront \u00eatre prises que conjointement et comment composer avec des instructions conflictuelles.<\/p>\n\n\n\n<p class=\"footnote\">* En Saskatchewan, vous auriez aussi l\u2019option de d\u00e9signer des mandataires \u00ab&nbsp;successivement&nbsp;\u00bb.<\/p>\n\n\n\n<h5 class=\"wp-block-heading has-text-align-left\" id=\"h-2-nbsp-le-mandataire-considere-demeure-t-il-dans-votre-region-ou-a-t-il-la-flexibilite-voulue-pour-se-deplacer-nbsp\">2.&nbsp;Le mandataire consid\u00e9r\u00e9 demeure-t-il dans votre r\u00e9gion ou a-t-il la flexibilit\u00e9 voulue pour se d\u00e9placer&nbsp;?<\/h5>\n\n\n\n<ul class=\"wp-block-list\">\n<li>Si vous d\u00e9signiez quelqu\u2019un qui demeurait \u00e0 une certaine distance de chez vous, les exigences de la fonction pourraient lui poser des d\u00e9fis sur le plan de la logistique.<\/li>\n\n\n\n<li>Si le mandataire d\u00e9sign\u00e9 vivait dans une juridiction diff\u00e9rente, il pourrait en r\u00e9sulter des d\u00e9fis additionnels dus aux complexit\u00e9s juridiques et administratives associ\u00e9es \u00e0 une gestion \u00e0 distance de vos affaires. (N\u2019oubliez pas que cette situation serait encore plus compliqu\u00e9e si vous poss\u00e9diez des biens dans diff\u00e9rents lieux g\u00e9ographiques et partagiez votre temps entre ces r\u00e9sidences, par exemple, \u00e9tant donn\u00e9 que vous pourriez \u00eatre tenu de vous doter de procurations diff\u00e9rentes valides pour chacune des juridictions.)<\/li>\n<\/ul>\n\n\n\n<h5 class=\"wp-block-heading has-text-align-left\" id=\"h-3-nbsp-la-personne-pourrait-elle-se-trouver-a-un-stade-de-vie-particulierement-charge-et-manquer-de-disponibilite-si-ou-lorsque-le-moment-est-venu-pour-elle-d-agir-nbsp\">3.&nbsp;La personne pourrait-elle se trouver \u00e0 un stade de vie particuli\u00e8rement charg\u00e9 et manquer de disponibilit\u00e9 si ou lorsque le moment est venu pour elle d\u2019agir&nbsp;?<\/h5>\n\n\n\n<ul class=\"wp-block-list\">\n<li>Si la personne a de jeunes enfants, une carri\u00e8re exigeante ou voyage souvent, assumer les responsabilit\u00e9s d\u2019un mandataire pourrait poser tout un d\u00e9fi.<\/li>\n\n\n\n<li>Bien qu\u2019un membre de la famille puisse sembler un choix logique, consid\u00e9rez l\u2019int\u00e9r\u00eat qu\u2019il y aurait pour vous de passer ce temps avec vos proches sans qu\u2019ils n\u2019aient \u00e0 assumer les responsabilit\u00e9s d\u00e9volues \u00e0 un mandataire.<\/li>\n\n\n\n<li>Selon les circonstances, les t\u00e2ches pourraient s\u2019\u00e9chelonner sur plusieurs ann\u00e9es et augmenter au gr\u00e9 du temps.<\/li>\n\n\n\n<li>Il serait important de d\u00e9signer un mandataire alternatif au cas o\u00f9 la personne d\u00e9sign\u00e9e serait incapable de remplir son mandat le moment venu.<\/li>\n<\/ul>\n\n\n\n<h5 class=\"wp-block-heading has-text-align-left\" id=\"h-4-nbsp-la-personne-possede-t-elle-de-solides-connaissances-financieres-et-competences-organisationnelles-nbsp\">4.&nbsp;La personne poss\u00e8de-t-elle de solides connaissances financi\u00e8res et comp\u00e9tences organisationnelles&nbsp;?<\/h5>\n\n\n\n<ul class=\"wp-block-list\">\n<li>Le mandataire devra assumer toute une gamme de responsabilit\u00e9s, allant de la conservation d\u2019actifs et la priorisation de d\u00e9penses jusqu\u2019\u00e0&nbsp;la production de d\u00e9clarations de revenus et la tenue de dossiers. Ces responsabilit\u00e9s pourraient s\u2019av\u00e9rer trop lourdes ou accablantes pour quelqu\u2019un qui n\u2019aurait pas d\u2019exp\u00e9rience au plan organisationnel ou de gestion des finances.<\/li>\n<\/ul>\n\n\n\n<h5 class=\"wp-block-heading has-text-align-left\" id=\"h-5-nbsp-la-personne-sera-t-elle-en-mesure-de-demeurer-neutre-au-plan-emotif-nbsp\">5.&nbsp;La personne sera-t-elle en mesure de demeurer neutre au plan \u00e9motif&nbsp;?<\/h5>\n\n\n\n<ul class=\"wp-block-list\">\n<li>Dans un cas d\u2019incapacit\u00e9, le climat peut \u00eatre tr\u00e8s \u00e9motif et, selon la situation, certaines familles pourraient \u00eatre plus enclines \u00e0 entrer en conflit. Il est donc important de choisir quelqu\u2019un qui agira en fonction de vos d\u00e9sirs, et ce, m\u00eame s\u2019ils survenaient des conflits. Les mandataires sont aussi tenus d\u2019agir en toute impartialit\u00e9, et certains membres de la famille pourraient devenir \u00e9motionnellement vuln\u00e9rables dans ce type de situation.<\/li>\n<\/ul>\n\n\n\n<p>Pour en apprendre davantage sur l\u2019ensemble des responsabilit\u00e9s qu\u2019un fond\u00e9 de pouvoir ou mandataire devra assumer, veuillez consulter le document de RBC Trust Royal intitul\u00e9 \u00ab&nbsp;<a href=\"\/royal-trust\/\" target=\"_blank\" class=\"file-pdf\" rel=\"noopener\">Liste de v\u00e9rification des t\u00e2ches du fond\u00e9 de pouvoir aux biens<\/a>&nbsp;\u00bb.<\/p>\n<\/div>\n\n\n\n<div class=\"wp-block-rbcwm-well well is-style-is-style-b-carbon b-carbon mb-3 migrated\">\n<h4 class=\"wp-block-heading has-text-align-left\" id=\"h-considerations-en-matiere-de-planification-de-soins-aux-aines-et-d-incapacite-pour-les-individus-et-les-familles\">Consid\u00e9rations en mati\u00e8re de planification de soins aux a\u00een\u00e9s et d\u2019incapacit\u00e9 pour les individus et les familles<\/h4>\n\n\n\n<p class=\"footnote italic\">Cette liste n\u2019est pas exhaustive, mais n\u2019est destin\u00e9e qu\u2019\u00e0 donner des indications g\u00e9n\u00e9rales sur cette facette de la planification successorale et \u00e0 vous permettre d\u2019en discuter avec les membres de votre famille. Afin de vous assurer que votre situation personnelle aura \u00e9t\u00e9 prise en consid\u00e9ration comme il se doit et que votre planification refl\u00e8te en tous points vos d\u00e9sirs et vos intentions, il est essentiel que vous consultiez votre conseiller juridique qualifi\u00e9.<\/p>\n\n\n\n<p>Certaines personnes pourront trouver utile de consid\u00e9rer cet aspect de la planification non seulement comme un document d\u00e9finissant ses choix et ses intentions, mais plus g\u00e9n\u00e9ralement comme un processus comprenant des r\u00e9flexions, des choix et des conversations. En consid\u00e9rant les questions et les points suivants, rappelez-vous qu\u2019il est important d\u2019y r\u00e9pondre vous-m\u00eame ainsi que d\u2019informer vos proches de vos choix et de vos motivations. Votre mandataire d\u00e9sign\u00e9 devra aussi \u00eatre continuellement mis \u00e0 jour quant \u00e0 vos choix et pr\u00e9f\u00e9rences et devra \u00eatre inform\u00e9 de l\u2019endroit o\u00f9 vous conservez vos documents de procuration\/mandat de protection, vos autres documents importants ainsi que les coordonn\u00e9es de vos personnes ressources telles que votre comptable, votre avocat, vos professionnels en placement, vos banquiers et votre m\u00e9decin.<\/p>\n\n\n\n<h5 class=\"wp-block-heading has-text-align-left\" id=\"h-procuration\">Procuration<\/h5>\n\n\n\n<ul class=\"wp-block-list\">\n<li>Vous \u00eates-vous dot\u00e9 d\u2019une procuration\/mandat de protection appropri\u00e9 pour veiller \u00e0 votre protection et \u00e0 l\u2019administration de vos biens et ce document est-il \u00e0 jour? Est-il survenu r\u00e9cemment des changements au sein de votre famille qui pourraient influer sur vos choix?<\/li>\n\n\n\n<li>Au moment d\u2019\u00e9tablir votre procuration\/mandat de protection, avez-vous r\u00e9fl\u00e9chi attentivement \u00e0 votre d\u00e9signation de mandataire afin de vous assurer de faire le bon choix? Vous \u00eates-vous assur\u00e9 que cette personne serait consentante \u00e0 agir et, le moment venu, qu\u2019elle aurait toute l\u2019information requise pour agir selon vos volont\u00e9s?<\/li>\n<\/ul>\n\n\n\n<h5 class=\"wp-block-heading has-text-align-left\" id=\"h-information-financiere\">Information financi\u00e8re<\/h5>\n\n\n\n<ul class=\"wp-block-list\">\n<li>S\u2019il survenait un impr\u00e9vu, serait-il difficile pour votre mandataire de retrouver tous vos d\u00e9tails financiers pertinents? (Il est aussi important de songer \u00e0 votre empreinte num\u00e9rique \u00e0 cet \u00e9gard, par exemple \u00e0 vos noms d\u2019utilisateur, mots de passe et comptes en ligne.)<\/li>\n<\/ul>\n\n\n\n<p>Envisagez de pr\u00e9parer un document fournissant un aper\u00e7u exhaustif de votre portrait financier. \u00c0 cette fin, RBC Gestion de patrimoine (RBC&nbsp;GP) vous propose <a href=\"https:\/\/ca.rbcwealthmanagement.com\/documents\/11939\/312906\/Inventaire+familial.pdf\" class=\"file-pdf\">L\u2019Inventaire familial,<\/a> un guide pratique accessible en ligne.<\/p>\n\n\n\n<h5 class=\"wp-block-heading has-text-align-left\" id=\"h-soins-de-sante-et-preferences-personnelles\">Soins de sant\u00e9 et pr\u00e9f\u00e9rences personnelles<\/h5>\n\n\n\n<ul class=\"wp-block-list\">\n<li>Quelles ressources et quelle assistance pour les a\u00een\u00e9s sont disponibles dans votre voisinage ou r\u00e9gion?<\/li>\n\n\n\n<li>Si vous aviez le choix, pr\u00e9f\u00e9reriez-vous demeurer dans votre r\u00e9sidence le plus longtemps possible ou d\u00e9m\u00e9nager dans un \u00e9tablissement offrant des programmes de vie assist\u00e9e ou d\u2019autres types de soins? (Il pourrait s\u2019av\u00e9rer utile de faire une recherche sur les co\u00fbts associ\u00e9s aux divers types de soins.)<\/li>\n\n\n\n<li>Si vous optiez pour un \u00e9tablissement de soins, pr\u00e9f\u00e9reriez-vous une chambre simple ou une chambre double\/partag\u00e9e? Maintiendriez-vous votre choix \u00e0 tout prix&nbsp;?<\/li>\n\n\n\n<li>Existe-t-il des aspects de votre mode de vie ou de votre routine actuels que vous voudriez maintenir m\u00eame si vous \u00e9tiez inapte? (Par exemple conserver dans l\u2019\u00e9tablissement choisi des objets de votre r\u00e9sidence actuelle, vous faire couper les cheveux \u00e0 intervalles r\u00e9guliers ou prendre l\u2019air r\u00e9guli\u00e8rement.)<\/li>\n<\/ul>\n\n\n\n<h5 class=\"wp-block-heading has-text-align-left\" id=\"h-dons\">Dons<\/h5>\n\n\n\n<ul class=\"wp-block-list\">\n<li>Est-il de votre intention de faire des dons financiers \u00e0 des membres de votre famille? Vos souhaits sont-ils document\u00e9s&nbsp;?<\/li>\n\n\n\n<li>Quelles sont vos intentions philanthropiques, s\u2019il en est? Existe-t-il des organismes de bienfaisance que vous d\u00e9sirez continuer \u00e0 appuyer? Un mandat de protection est un moyen efficace pour documenter vos intentions et vos instructions quant \u00e0 certains dons \u00e0 faire \u00e0 des proches ou des organismes de bienfaisance.<\/li>\n<\/ul>\n\n\n\n<p>Pour plus d\u2019information sur les soins aux a\u00een\u00e9s et comment les financer, veuillez lire \u00ab&nbsp;<a href=\"\/insights\/\">L\u2019\u00e2ge n\u2019est-il qu\u2019un chiffre<\/a>&nbsp;? \u00bb du num\u00e9ro du printemps 2018 de <em>Perspectives<\/em>.<\/p>\n<\/div>\n\n\n\n<div class=\"footnote\">\n<h5>R\u00e9f\u00e9rences:<\/h5>\n<ol>\n<li>Societe Alzheimer Canada. <em>Le vieillissement normal par rapport \u00e0 la maladie d\u2019Alzheimer<\/em>, [En ligne]. <a href=\"https:\/\/alzheimer.ca\/fr\/Home\/About-dementia\/What-is-dementia\/Normal-aging-vs-dementia\" target=\"_blank\" class=\"link-ext\" rel=\"noopener\">https:\/\/alzheimer.ca\/fr\/Home\/About-dementia\/What-is-dementia\/Normal-aging-vs-dementia<\/a> ( Consult\u00e9 le 28 mars 2019).<\/li>\n<li>Statistique Canada. <em>Nouvelles donn\u00e9es sur les incapacit\u00e9s au Canada, 2017.<\/em> [Infographie diffus\u00e9e&nbsp;le 28 novembre 2018], [En ligne]. (Consult\u00e9 le 28 mars 2019). <a href=\"https:\/\/www150.statcan.gc.ca\/n1\/pub\/11-627-m\/11-627-m2018035-fra.htm\" target=\"_blank\" class=\"link-ext\" rel=\"noopener\">https:\/\/www150.statcan.gc.ca\/n1\/pub\/11-627-m\/11-627-m2018035-fra.htm<\/a>.<\/li>\n<li>Societe Alzheimer Canada. <em>Les chiffres sur la maladie au Canada,<\/em> [En ligne]. <a href=\"https:\/\/alzheimer.ca\/fr\/Home\/About-dementia\/What-is-dementia\/Dementia-numbers\" target=\"_blank\" class=\"link-ext\" rel=\"noopener\">https:\/\/alzheimer.ca\/fr\/Home\/About-dementia\/What-is-dementia\/Dementia-numbers<\/a> (Consult\u00e9 le 28 mars 2019).<\/li>\n<li><em>Ibid.<\/em><\/li>\n<li><em>Ibid.<\/em><\/li>\n<li><em>Ibid.<\/em><\/li>\n<\/ol><\/div>\n","protected":false},"excerpt":{"rendered":"<p>Pourquoi le moment est particuli\u00e8rement opportun pour discuter de la r\u00e9alit\u00e9 v\u00e9cue par les a\u00een\u00e9s en mati\u00e8re de sant\u00e9 et pour planifier en cons\u00e9quence.<\/p>\n","protected":false},"author":15,"featured_media":1954,"comment_status":"closed","ping_status":"closed","sticky":false,"template":"","format":"standard","meta":{"_acf_changed":false,"rbcwm_post_date":"","editor_notices":[],"rbc_url_alias":"","rbcwm_featured_desktop_image_position":"","rbcwm_featured_mobile_image_position":"","_jetpack_memberships_contains_paid_content":false,"footnotes":""},"categories":[518],"tags":[812,813,807],"rbcwm_content_owner":[677],"rbcwm_need":[546],"rbcwm_segment":[538],"rbcwm_solution":[550],"rbcwm_topic":[551],"rbcwm_channel":[],"rbcwm_format":[],"class_list":["post-1950","post","type-post","status-publish","format-standard","has-post-thumbnail","hentry","category-soins-de-sante","tag-mandat-de-protection","tag-soins-de-sante","tag-vieillissement","rbcwm_content_owner-royal-trust","rbcwm_need-croissance","rbcwm_segment-particuliers-et-familles","rbcwm_solution-planification-de-patrimoine","rbcwm_topic-votre-patrimoine"],"acf":{"rbcwm_subtitle":"Faire entendre sa voix, surmonter les stigmates et mettre en place les plans appropri\u00e9s \u2013 les facteurs cl\u00e9s qui font la diff\u00e9rence afin d\u2019\u00eatre pr\u00eat \u00e0 affronter les pr\u00e9occupations de sant\u00e9 \u00e9ventuelles li\u00e9es \u00e0 l\u2019\u00e2ge.","rbcwm_post_author":"","rbcwm_custom_breadcrumb_text":"","rbcwm_custom_breadcrumb_link_url":"","rbcwm_disclaimers":{"add_disclosures":"","perspective_disclaimer":["Yes"],"expandable":"","omit_from_pages":[],"disclaimer_footnote":""},"rbcwm_insight_cta_id":[10888],"rbcwm_pagination":{"next_link":"","next_link_text":"","previous_link":"","previous_link_text":""},"rbcwm_video_duration":"","article_time":"","rbcwm_enable_toc":false,"rbcwm_toc_selector":"h2"},"yoast_head":"<!-- This site is optimized with the Yoast SEO Premium plugin v24.8 (Yoast SEO v26.8) - https:\/\/yoast.com\/product\/yoast-seo-premium-wordpress\/ -->\n<title>La voie de la long\u00e9vit\u00e9<\/title>\n<meta name=\"description\" content=\"Pourquoi le moment est particuli\u00e8rement opportun pour discuter de la r\u00e9alit\u00e9 v\u00e9cue par les a\u00een\u00e9s en mati\u00e8re de sant\u00e9 et pour planifier en cons\u00e9quence.\" \/>\n<meta name=\"robots\" content=\"index, follow, max-snippet:-1, max-image-preview:large, max-video-preview:-1\" \/>\n<link rel=\"canonical\" href=\"https:\/\/www.rbcwealthmanagement.com\/fr-ca\/insights\/the-path-of-longevity\" \/>\n<meta property=\"og:locale\" content=\"fr_CA\" \/>\n<meta property=\"og:type\" content=\"article\" \/>\n<meta property=\"og:title\" content=\"La voie de la long\u00e9vit\u00e9\" \/>\n<meta property=\"og:description\" content=\"Pourquoi le moment est particuli\u00e8rement opportun pour discuter de la r\u00e9alit\u00e9 v\u00e9cue par les a\u00een\u00e9s en mati\u00e8re de sant\u00e9 et pour planifier en cons\u00e9quence.\" \/>\n<meta property=\"og:url\" content=\"https:\/\/www.rbcwealthmanagement.com\/fr-ca\/insights\/the-path-of-longevity\" \/>\n<meta property=\"og:site_name\" content=\"RBC Gestion de patrimoine\" \/>\n<meta property=\"article:published_time\" content=\"2019-05-01T00:00:00+00:00\" \/>\n<meta property=\"article:modified_time\" content=\"2024-10-22T14:46:10+00:00\" \/>\n<meta property=\"og:image\" content=\"https:\/\/www.rbcwealthmanagement.com\/fr-ca\/wp-content\/uploads\/sites\/6\/2023\/04\/couple-in-raincoats-facing-lake-and-mountains-in-page.jpg\" \/>\n\t<meta property=\"og:image:width\" content=\"778\" \/>\n\t<meta property=\"og:image:height\" content=\"518\" \/>\n\t<meta property=\"og:image:type\" content=\"image\/jpeg\" \/>\n<meta name=\"author\" content=\"taravandenberg\" \/>\n<meta name=\"twitter:card\" content=\"summary_large_image\" \/>\n<meta name=\"twitter:title\" content=\"La voie de la long\u00e9vit\u00e9\" \/>\n<meta name=\"twitter:label1\" content=\"Est. reading time\" \/>\n\t<meta name=\"twitter:data1\" content=\"17 minutes\" \/>\n<script type=\"application\/ld+json\" class=\"yoast-schema-graph\">{\"@context\":\"https:\/\/schema.org\",\"@graph\":[{\"@type\":\"Article\",\"@id\":\"https:\/\/www.rbcwealthmanagement.com\/fr-ca\/insights\/the-path-of-longevity#article\",\"isPartOf\":{\"@id\":\"https:\/\/www.rbcwealthmanagement.com\/fr-ca\/insights\/the-path-of-longevity\"},\"author\":{\"name\":\"taravandenberg\",\"@id\":\"https:\/\/www.rbcwealthmanagement.com\/fr-ca\/#\/schema\/person\/8803578712bd073b70bbc17e6909b59b\"},\"headline\":\"La voie de la long\u00e9vit\u00e9\",\"datePublished\":\"2019-05-01T00:00:00+00:00\",\"dateModified\":\"2024-10-22T14:46:10+00:00\",\"mainEntityOfPage\":{\"@id\":\"https:\/\/www.rbcwealthmanagement.com\/fr-ca\/insights\/the-path-of-longevity\"},\"wordCount\":3729,\"publisher\":{\"@id\":\"https:\/\/www.rbcwealthmanagement.com\/fr-ca\/#organization\"},\"image\":{\"@id\":\"https:\/\/www.rbcwealthmanagement.com\/fr-ca\/insights\/the-path-of-longevity#primaryimage\"},\"thumbnailUrl\":\"https:\/\/www.rbcwealthmanagement.com\/fr-ca\/wp-content\/uploads\/sites\/6\/2023\/04\/couple-in-raincoats-facing-lake-and-mountains-in-page.jpg\",\"keywords\":[\"mandat de protection\",\"Soins de sant\u00e9\",\"vieillissement\"],\"articleSection\":[\"Soins de sant\u00e9\"],\"inLanguage\":\"fr-CA\"},{\"@type\":\"WebPage\",\"@id\":\"https:\/\/www.rbcwealthmanagement.com\/fr-ca\/insights\/the-path-of-longevity\",\"url\":\"https:\/\/www.rbcwealthmanagement.com\/fr-ca\/insights\/the-path-of-longevity\",\"name\":\"La voie de la long\u00e9vit\u00e9\",\"isPartOf\":{\"@id\":\"https:\/\/www.rbcwealthmanagement.com\/fr-ca\/#website\"},\"primaryImageOfPage\":{\"@id\":\"https:\/\/www.rbcwealthmanagement.com\/fr-ca\/insights\/the-path-of-longevity#primaryimage\"},\"image\":{\"@id\":\"https:\/\/www.rbcwealthmanagement.com\/fr-ca\/insights\/the-path-of-longevity#primaryimage\"},\"thumbnailUrl\":\"https:\/\/www.rbcwealthmanagement.com\/fr-ca\/wp-content\/uploads\/sites\/6\/2023\/04\/couple-in-raincoats-facing-lake-and-mountains-in-page.jpg\",\"datePublished\":\"2019-05-01T00:00:00+00:00\",\"dateModified\":\"2024-10-22T14:46:10+00:00\",\"description\":\"Pourquoi le moment est particuli\u00e8rement opportun pour discuter de la r\u00e9alit\u00e9 v\u00e9cue par les a\u00een\u00e9s en mati\u00e8re de sant\u00e9 et pour planifier en cons\u00e9quence.\",\"breadcrumb\":{\"@id\":\"https:\/\/www.rbcwealthmanagement.com\/fr-ca\/insights\/the-path-of-longevity#breadcrumb\"},\"inLanguage\":\"fr-CA\",\"potentialAction\":[{\"@type\":\"ReadAction\",\"target\":[\"https:\/\/www.rbcwealthmanagement.com\/fr-ca\/insights\/the-path-of-longevity\"]}]},{\"@type\":\"ImageObject\",\"inLanguage\":\"fr-CA\",\"@id\":\"https:\/\/www.rbcwealthmanagement.com\/fr-ca\/insights\/the-path-of-longevity#primaryimage\",\"url\":\"https:\/\/www.rbcwealthmanagement.com\/fr-ca\/wp-content\/uploads\/sites\/6\/2023\/04\/couple-in-raincoats-facing-lake-and-mountains-in-page.jpg\",\"contentUrl\":\"https:\/\/www.rbcwealthmanagement.com\/fr-ca\/wp-content\/uploads\/sites\/6\/2023\/04\/couple-in-raincoats-facing-lake-and-mountains-in-page.jpg\",\"width\":778,\"height\":518},{\"@type\":\"BreadcrumbList\",\"@id\":\"https:\/\/www.rbcwealthmanagement.com\/fr-ca\/insights\/the-path-of-longevity#breadcrumb\",\"itemListElement\":[{\"@type\":\"ListItem\",\"position\":1,\"name\":\"Home\",\"item\":\"https:\/\/www.rbcwealthmanagement.com\/fr-ca\/\"},{\"@type\":\"ListItem\",\"position\":2,\"name\":\"La voie de la long\u00e9vit\u00e9\"}]},{\"@type\":\"WebSite\",\"@id\":\"https:\/\/www.rbcwealthmanagement.com\/fr-ca\/#website\",\"url\":\"https:\/\/www.rbcwealthmanagement.com\/fr-ca\/\",\"name\":\"RBC Gestion de patrimoine\",\"description\":\"\",\"publisher\":{\"@id\":\"https:\/\/www.rbcwealthmanagement.com\/fr-ca\/#organization\"},\"potentialAction\":[{\"@type\":\"SearchAction\",\"target\":{\"@type\":\"EntryPoint\",\"urlTemplate\":\"https:\/\/www.rbcwealthmanagement.com\/fr-ca\/?s={search_term_string}\"},\"query-input\":{\"@type\":\"PropertyValueSpecification\",\"valueRequired\":true,\"valueName\":\"search_term_string\"}}],\"inLanguage\":\"fr-CA\"},{\"@type\":\"Organization\",\"@id\":\"https:\/\/www.rbcwealthmanagement.com\/fr-ca\/#organization\",\"name\":\"RBC Gestion de Patrimoine\",\"alternateName\":\"RBC Gestion de Patrimoine\",\"url\":\"https:\/\/www.rbcwealthmanagement.com\/fr-ca\/\",\"logo\":{\"@type\":\"ImageObject\",\"inLanguage\":\"fr-CA\",\"@id\":\"https:\/\/www.rbcwealthmanagement.com\/fr-ca\/#\/schema\/logo\/image\/\",\"url\":\"https:\/\/www.rbcwealthmanagement.com\/fr-ca\/wp-content\/uploads\/sites\/6\/2023\/02\/rbc.png\",\"contentUrl\":\"https:\/\/www.rbcwealthmanagement.com\/fr-ca\/wp-content\/uploads\/sites\/6\/2023\/02\/rbc.png\",\"width\":3000,\"height\":2000,\"caption\":\"RBC Gestion de Patrimoine\"},\"image\":{\"@id\":\"https:\/\/www.rbcwealthmanagement.com\/fr-ca\/#\/schema\/logo\/image\/\"}},{\"@type\":\"Person\",\"@id\":\"https:\/\/www.rbcwealthmanagement.com\/fr-ca\/#\/schema\/person\/8803578712bd073b70bbc17e6909b59b\",\"name\":\"taravandenberg\",\"image\":{\"@type\":\"ImageObject\",\"inLanguage\":\"fr-CA\",\"@id\":\"https:\/\/www.rbcwealthmanagement.com\/fr-ca\/#\/schema\/person\/image\/\",\"url\":\"https:\/\/secure.gravatar.com\/avatar\/807f9a5b689d28ecee3262e00b8755e7d4849ada61e3144de1a2d65c713bfc12?s=96&d=mm&r=g\",\"contentUrl\":\"https:\/\/secure.gravatar.com\/avatar\/807f9a5b689d28ecee3262e00b8755e7d4849ada61e3144de1a2d65c713bfc12?s=96&d=mm&r=g\",\"caption\":\"taravandenberg\"}}]}<\/script>\n<!-- \/ Yoast SEO Premium plugin. -->","yoast_head_json":{"title":"La voie de la long\u00e9vit\u00e9","description":"Pourquoi le moment est particuli\u00e8rement opportun pour discuter de la r\u00e9alit\u00e9 v\u00e9cue par les a\u00een\u00e9s en mati\u00e8re de sant\u00e9 et pour planifier en cons\u00e9quence.","robots":{"index":"index","follow":"follow","max-snippet":"max-snippet:-1","max-image-preview":"max-image-preview:large","max-video-preview":"max-video-preview:-1"},"canonical":"https:\/\/www.rbcwealthmanagement.com\/fr-ca\/insights\/the-path-of-longevity","og_locale":"fr_CA","og_type":"article","og_title":"La voie de la long\u00e9vit\u00e9","og_description":"Pourquoi le moment est particuli\u00e8rement opportun pour discuter de la r\u00e9alit\u00e9 v\u00e9cue par les a\u00een\u00e9s en mati\u00e8re de sant\u00e9 et pour planifier en cons\u00e9quence.","og_url":"https:\/\/www.rbcwealthmanagement.com\/fr-ca\/insights\/the-path-of-longevity","og_site_name":"RBC Gestion de patrimoine","article_published_time":"2019-05-01T00:00:00+00:00","article_modified_time":"2024-10-22T14:46:10+00:00","og_image":[{"width":778,"height":518,"url":"https:\/\/www.rbcwealthmanagement.com\/fr-ca\/wp-content\/uploads\/sites\/6\/2023\/04\/couple-in-raincoats-facing-lake-and-mountains-in-page.jpg","type":"image\/jpeg"}],"author":"taravandenberg","twitter_card":"summary_large_image","twitter_title":"La voie de la long\u00e9vit\u00e9","twitter_misc":{"Est. reading time":"17 minutes"},"schema":{"@context":"https:\/\/schema.org","@graph":[{"@type":"Article","@id":"https:\/\/www.rbcwealthmanagement.com\/fr-ca\/insights\/the-path-of-longevity#article","isPartOf":{"@id":"https:\/\/www.rbcwealthmanagement.com\/fr-ca\/insights\/the-path-of-longevity"},"author":{"name":"taravandenberg","@id":"https:\/\/www.rbcwealthmanagement.com\/fr-ca\/#\/schema\/person\/8803578712bd073b70bbc17e6909b59b"},"headline":"La voie de la long\u00e9vit\u00e9","datePublished":"2019-05-01T00:00:00+00:00","dateModified":"2024-10-22T14:46:10+00:00","mainEntityOfPage":{"@id":"https:\/\/www.rbcwealthmanagement.com\/fr-ca\/insights\/the-path-of-longevity"},"wordCount":3729,"publisher":{"@id":"https:\/\/www.rbcwealthmanagement.com\/fr-ca\/#organization"},"image":{"@id":"https:\/\/www.rbcwealthmanagement.com\/fr-ca\/insights\/the-path-of-longevity#primaryimage"},"thumbnailUrl":"https:\/\/www.rbcwealthmanagement.com\/fr-ca\/wp-content\/uploads\/sites\/6\/2023\/04\/couple-in-raincoats-facing-lake-and-mountains-in-page.jpg","keywords":["mandat de protection","Soins de sant\u00e9","vieillissement"],"articleSection":["Soins de sant\u00e9"],"inLanguage":"fr-CA"},{"@type":"WebPage","@id":"https:\/\/www.rbcwealthmanagement.com\/fr-ca\/insights\/the-path-of-longevity","url":"https:\/\/www.rbcwealthmanagement.com\/fr-ca\/insights\/the-path-of-longevity","name":"La voie de la long\u00e9vit\u00e9","isPartOf":{"@id":"https:\/\/www.rbcwealthmanagement.com\/fr-ca\/#website"},"primaryImageOfPage":{"@id":"https:\/\/www.rbcwealthmanagement.com\/fr-ca\/insights\/the-path-of-longevity#primaryimage"},"image":{"@id":"https:\/\/www.rbcwealthmanagement.com\/fr-ca\/insights\/the-path-of-longevity#primaryimage"},"thumbnailUrl":"https:\/\/www.rbcwealthmanagement.com\/fr-ca\/wp-content\/uploads\/sites\/6\/2023\/04\/couple-in-raincoats-facing-lake-and-mountains-in-page.jpg","datePublished":"2019-05-01T00:00:00+00:00","dateModified":"2024-10-22T14:46:10+00:00","description":"Pourquoi le moment est particuli\u00e8rement opportun pour discuter de la r\u00e9alit\u00e9 v\u00e9cue par les a\u00een\u00e9s en mati\u00e8re de sant\u00e9 et pour planifier en cons\u00e9quence.","breadcrumb":{"@id":"https:\/\/www.rbcwealthmanagement.com\/fr-ca\/insights\/the-path-of-longevity#breadcrumb"},"inLanguage":"fr-CA","potentialAction":[{"@type":"ReadAction","target":["https:\/\/www.rbcwealthmanagement.com\/fr-ca\/insights\/the-path-of-longevity"]}]},{"@type":"ImageObject","inLanguage":"fr-CA","@id":"https:\/\/www.rbcwealthmanagement.com\/fr-ca\/insights\/the-path-of-longevity#primaryimage","url":"https:\/\/www.rbcwealthmanagement.com\/fr-ca\/wp-content\/uploads\/sites\/6\/2023\/04\/couple-in-raincoats-facing-lake-and-mountains-in-page.jpg","contentUrl":"https:\/\/www.rbcwealthmanagement.com\/fr-ca\/wp-content\/uploads\/sites\/6\/2023\/04\/couple-in-raincoats-facing-lake-and-mountains-in-page.jpg","width":778,"height":518},{"@type":"BreadcrumbList","@id":"https:\/\/www.rbcwealthmanagement.com\/fr-ca\/insights\/the-path-of-longevity#breadcrumb","itemListElement":[{"@type":"ListItem","position":1,"name":"Home","item":"https:\/\/www.rbcwealthmanagement.com\/fr-ca\/"},{"@type":"ListItem","position":2,"name":"La voie de la long\u00e9vit\u00e9"}]},{"@type":"WebSite","@id":"https:\/\/www.rbcwealthmanagement.com\/fr-ca\/#website","url":"https:\/\/www.rbcwealthmanagement.com\/fr-ca\/","name":"RBC Gestion de patrimoine","description":"","publisher":{"@id":"https:\/\/www.rbcwealthmanagement.com\/fr-ca\/#organization"},"potentialAction":[{"@type":"SearchAction","target":{"@type":"EntryPoint","urlTemplate":"https:\/\/www.rbcwealthmanagement.com\/fr-ca\/?s={search_term_string}"},"query-input":{"@type":"PropertyValueSpecification","valueRequired":true,"valueName":"search_term_string"}}],"inLanguage":"fr-CA"},{"@type":"Organization","@id":"https:\/\/www.rbcwealthmanagement.com\/fr-ca\/#organization","name":"RBC Gestion de Patrimoine","alternateName":"RBC Gestion de Patrimoine","url":"https:\/\/www.rbcwealthmanagement.com\/fr-ca\/","logo":{"@type":"ImageObject","inLanguage":"fr-CA","@id":"https:\/\/www.rbcwealthmanagement.com\/fr-ca\/#\/schema\/logo\/image\/","url":"https:\/\/www.rbcwealthmanagement.com\/fr-ca\/wp-content\/uploads\/sites\/6\/2023\/02\/rbc.png","contentUrl":"https:\/\/www.rbcwealthmanagement.com\/fr-ca\/wp-content\/uploads\/sites\/6\/2023\/02\/rbc.png","width":3000,"height":2000,"caption":"RBC Gestion de Patrimoine"},"image":{"@id":"https:\/\/www.rbcwealthmanagement.com\/fr-ca\/#\/schema\/logo\/image\/"}},{"@type":"Person","@id":"https:\/\/www.rbcwealthmanagement.com\/fr-ca\/#\/schema\/person\/8803578712bd073b70bbc17e6909b59b","name":"taravandenberg","image":{"@type":"ImageObject","inLanguage":"fr-CA","@id":"https:\/\/www.rbcwealthmanagement.com\/fr-ca\/#\/schema\/person\/image\/","url":"https:\/\/secure.gravatar.com\/avatar\/807f9a5b689d28ecee3262e00b8755e7d4849ada61e3144de1a2d65c713bfc12?s=96&d=mm&r=g","contentUrl":"https:\/\/secure.gravatar.com\/avatar\/807f9a5b689d28ecee3262e00b8755e7d4849ada61e3144de1a2d65c713bfc12?s=96&d=mm&r=g","caption":"taravandenberg"}}]}},"jetpack_featured_media_url":"https:\/\/www.rbcwealthmanagement.com\/fr-ca\/wp-content\/uploads\/sites\/6\/2023\/04\/couple-in-raincoats-facing-lake-and-mountains-in-page.jpg","jetpack_sharing_enabled":true,"publishpress_future_action":{"enabled":false,"date":"2026-05-06 07:38:32","action":"change-status","newStatus":"draft","terms":[],"taxonomy":"category","extraData":[]},"publishpress_future_workflow_manual_trigger":{"enabledWorkflows":[]},"distributor_meta":false,"distributor_terms":false,"distributor_media":false,"distributor_original_site_name":"RBC Gestion de patrimoine","distributor_original_site_url":"https:\/\/www.rbcwealthmanagement.com\/fr-ca","push-errors":false,"last_revision_date":"2024-03-19 15:05:50","_links":{"self":[{"href":"https:\/\/www.rbcwealthmanagement.com\/fr-ca\/wp-json\/wp\/v2\/posts\/1950","targetHints":{"allow":["GET"]}}],"collection":[{"href":"https:\/\/www.rbcwealthmanagement.com\/fr-ca\/wp-json\/wp\/v2\/posts"}],"about":[{"href":"https:\/\/www.rbcwealthmanagement.com\/fr-ca\/wp-json\/wp\/v2\/types\/post"}],"author":[{"embeddable":true,"href":"https:\/\/www.rbcwealthmanagement.com\/fr-ca\/wp-json\/wp\/v2\/users\/15"}],"replies":[{"embeddable":true,"href":"https:\/\/www.rbcwealthmanagement.com\/fr-ca\/wp-json\/wp\/v2\/comments?post=1950"}],"version-history":[{"count":30,"href":"https:\/\/www.rbcwealthmanagement.com\/fr-ca\/wp-json\/wp\/v2\/posts\/1950\/revisions"}],"predecessor-version":[{"id":20649,"href":"https:\/\/www.rbcwealthmanagement.com\/fr-ca\/wp-json\/wp\/v2\/posts\/1950\/revisions\/20649"}],"acf:post":[{"embeddable":true,"href":"https:\/\/www.rbcwealthmanagement.com\/fr-ca\/wp-json\/wp\/v2\/rbcwm_cta\/10888"}],"wp:featuredmedia":[{"embeddable":true,"href":"https:\/\/www.rbcwealthmanagement.com\/fr-ca\/wp-json\/wp\/v2\/media\/1954"}],"wp:attachment":[{"href":"https:\/\/www.rbcwealthmanagement.com\/fr-ca\/wp-json\/wp\/v2\/media?parent=1950"}],"wp:term":[{"taxonomy":"category","embeddable":true,"href":"https:\/\/www.rbcwealthmanagement.com\/fr-ca\/wp-json\/wp\/v2\/categories?post=1950"},{"taxonomy":"post_tag","embeddable":true,"href":"https:\/\/www.rbcwealthmanagement.com\/fr-ca\/wp-json\/wp\/v2\/tags?post=1950"},{"taxonomy":"rbcwm_content_owner","embeddable":true,"href":"https:\/\/www.rbcwealthmanagement.com\/fr-ca\/wp-json\/wp\/v2\/rbcwm_content_owner?post=1950"},{"taxonomy":"rbcwm_need","embeddable":true,"href":"https:\/\/www.rbcwealthmanagement.com\/fr-ca\/wp-json\/wp\/v2\/rbcwm_need?post=1950"},{"taxonomy":"rbcwm_segment","embeddable":true,"href":"https:\/\/www.rbcwealthmanagement.com\/fr-ca\/wp-json\/wp\/v2\/rbcwm_segment?post=1950"},{"taxonomy":"rbcwm_solution","embeddable":true,"href":"https:\/\/www.rbcwealthmanagement.com\/fr-ca\/wp-json\/wp\/v2\/rbcwm_solution?post=1950"},{"taxonomy":"rbcwm_topic","embeddable":true,"href":"https:\/\/www.rbcwealthmanagement.com\/fr-ca\/wp-json\/wp\/v2\/rbcwm_topic?post=1950"},{"taxonomy":"rbcwm_channel","embeddable":true,"href":"https:\/\/www.rbcwealthmanagement.com\/fr-ca\/wp-json\/wp\/v2\/rbcwm_channel?post=1950"},{"taxonomy":"rbcwm_format","embeddable":true,"href":"https:\/\/www.rbcwealthmanagement.com\/fr-ca\/wp-json\/wp\/v2\/rbcwm_format?post=1950"}],"curies":[{"name":"wp","href":"https:\/\/api.w.org\/{rel}","templated":true}]}}