{"id":24634,"date":"2025-01-17T13:19:29","date_gmt":"2025-01-17T18:19:29","guid":{"rendered":"https:\/\/www.rbcwealthmanagement.com\/fr-ca\/?p=24634"},"modified":"2025-01-17T13:19:30","modified_gmt":"2025-01-17T18:19:30","slug":"pay-attention-to-triggers-for-europe","status":"publish","type":"post","link":"https:\/\/www.rbcwealthmanagement.com\/fr-ca\/insights\/pay-attention-to-triggers-for-europe","title":{"rendered":"Porter attention aux d\u00e9clencheurs pour l\u2019Europe"},"content":{"rendered":"\n <h2>Droits de douane am\u00e9ricains : plus de bruit que de mal?<\/h2>\n    <p>\n      Les droits de douane que le pr\u00e9sident \u00e9lu des \u00c9tats-Unis, Donald Trump, a\n      menac\u00e9 d\u2019imposer \u00e0 l\u2019UE pourraient nuire consid\u00e9rablement \u00e0 une r\u00e9gion aux\n      prises avec une faible croissance \u00e9conomique. Eric Lascelles, \u00e9conomiste\n      en chef de RBC Gestion mondiale d\u2019actifs Inc., calcule que deux ans apr\u00e8s\n      la mise en \u0153uvre d\u2019un tarif douanier g\u00e9n\u00e9ral de 10 %, le PIB de la zone\n      euro serait inf\u00e9rieur de 1 % \u00e0 ce qu\u2019il aurait \u00e9t\u00e9 autrement.\n    <\/p>\n    <p>\n      Refl\u00e9tant les pr\u00e9occupations li\u00e9es aux droits de douane, les pr\u00e9visions\n      consensuelles de croissance du PIB pour la zone euro pour 2025 ont \u00e9t\u00e9\n      l\u00e9g\u00e8rement revues \u00e0 la baisse, passant de 1,2 % \u00e0 1 % depuis les \u00e9lections\n      am\u00e9ricaines de novembre.\n    <\/p>\n    <p>\n      L\u2019approche transactionnelle de Trump nous donne \u00e0 penser que des\n      n\u00e9gociations pourraient \u00eatre possibles. En accordant certaines concessions\n      aux \u00c9tats-Unis, comme une augmentation des d\u00e9penses de d\u00e9fense ou l\u2019achat\n      d\u2019une plus grande quantit\u00e9 de p\u00e9trole et de gaz naturel liqu\u00e9fi\u00e9\n      am\u00e9ricains, l\u2019UE pourrait \u00eatre en mesure d\u2019\u00e9viter le pire sc\u00e9nario d\u2019une\n      intensification de la guerre commerciale ou de limiter les secteurs\n      touch\u00e9s par les droits de douane.\n    <\/p>\n    <p>\n      Compte tenu de l\u2019inqui\u00e9tude des investisseurs \u00e0 l\u2019\u00e9gard des r\u00e9percussions\n      des droits de douane sur la r\u00e9gion, des r\u00e9sultats relativement favorables\n      de ce genre (qui pourraient ne se produire qu\u2019apr\u00e8s des n\u00e9gociations\n      acrimonieuses) seraient probablement un soulagement pour les march\u00e9s,\n      selon nous.\n    <\/p>\n    <!-- SECTION -->\n    <h2>\u00c9lections f\u00e9d\u00e9rales allemandes : une aube nouvelle?<\/h2>\n    <p>\n      Les \u00e9lections qui auront lieu le 23 f\u00e9vrier sont cruciales, \u00e9tant donn\u00e9\n      que l\u2019\u00e9conomie allemande, la plus importante de l\u2019UE, peine depuis la fin\n      de la pand\u00e9mie. En raison du peu de grands points communs sur le plan\n      id\u00e9ologique, la coalition de trois partis qui gouverne le pays depuis 2021\n      s\u2019est r\u00e9v\u00e9l\u00e9e inefficace pour corriger la situation.\n    <\/p>\n    <p>\n      La coalition s\u2019est finalement effondr\u00e9e, incapable de parvenir \u00e0 une\n      entente pour mettre en \u0153uvre les mesures de relance budg\u00e9taire dont\n      l\u2019\u00e9conomie avait tant besoin. Il n\u2019a pas \u00e9t\u00e9 possible d\u2019engager des\n      d\u00e9penses suppl\u00e9mentaires en raison du \u00ab frein \u00e0 l\u2019endettement \u00bb, la mesure\n      ench\u00e2ss\u00e9e dans la constitution allemande qui limite le d\u00e9ficit \u00e0 un strict\n      0,35 % du PIB par ann\u00e9e. Modifier cette r\u00e8gle exige une majorit\u00e9 \u00e9lev\u00e9e\n      de deux tiers des d\u00e9put\u00e9s, un seuil impossible \u00e0 atteindre\n      jusqu\u2019\u00e0 pr\u00e9sent.\n    <\/p>\n    <p>\n      Selon les sondages, un vent de changement approche. L\u2019alliance de centre\n      droite conservatrice entre l\u2019Union chr\u00e9tienne-d\u00e9mocrate d\u2019Allemagne (CDU)\n      et l\u2019Union chr\u00e9tienne sociale en Bavi\u00e8re (CSU) devrait recueillir le plus\n      de votes, sans toutefois obtenir la majorit\u00e9. Une coalition avec le Parti\n      social-d\u00e9mocrate (SDP) de centre gauche en tant que partenaire minoritaire\n      est le r\u00e9sultat consensuel \u2013 une telle coalition a gouvern\u00e9 efficacement\n      dans le pass\u00e9.\n    <\/p>\n    <h2>\n      La distribution probable des si\u00e8ges au parlement allemand pourrait\n      permettre une modification du frein \u00e0 l\u2019endettement\n    <\/h2>\n    <!-- EXHIBIT -->\n    <div class=\"row mb-4\">\n      <div class=\"col-lg-10 col-md-8 col-sm-8 col-xs-10 col-xxs-12\">\n        <img decoding=\"async\"\n          src=\"https:\/\/www.rbcwealthmanagement.com\/assets\/wp-content\/uploads\/global\/triggers-for-europe-fr-chart-1.png\"\n          alt=\"Distribution probable des si\u00e8ges au parlement allemand \"\n          class=\"img-fluid mb-1-half\"\n          aria-describedby=\"chart1desc\"\n        \/>\n        <p class=\"sr-only\" id=\"chart1desc\">\n          Le graphique \u00e0 barres montre la r\u00e9partition probable des si\u00e8ges au\n          parlement allemand apr\u00e8s les \u00e9lections. Selon les r\u00e9cents sondages,\n          une alliance entre la CDU\/CSU, le SPD et les Verts pourrait obtenir la\n          majorit\u00e9 des deux tiers requise pour les changements constitutionnels.\n          La CDU\/CSU devrait occuper 39 % des si\u00e8ges, le SPD 18 %, les Verts 14\n          %, l\u2019AfD 21 % et la BSW 8 %.\n        <\/p>\n        <ul class=\"rbc-legend rbc-legend-inline\">\n            <li class=\"rbc-legend-item\" style=\"width: 155px;\">\n                <div class=\"rbc-legend-bar c-slate\"><\/div>\n                CDU\/CSU\n            <\/li>\n            <li class=\"rbc-legend-item\" style=\"width: 155px;\">\n                <div class=\"rbc-legend-bar c-warm-red\"><\/div>\n                SPD\n            <\/li>\n            <li class=\"rbc-legend-item\" style=\"width: 155px;\">\n                <div class=\"rbc-legend-bar\" style=\"color: #00b050;\"><\/div>\n                Verts\n            <\/li>\n            <li class=\"rbc-legend-item\" style=\"width: 155px;\">\n                <div class=\"rbc-legend-bar\" style=\"color: #94c0e9;\"><\/div>\n                AfD\n            <\/li>\n            <li class=\"rbc-legend-item\" style=\"width: 155px;\">\n                <div class=\"rbc-legend-bar\" style=\"color: #9900cc;\"><\/div>\n                BSW\n            <\/li>\n          <\/ul>\n        <p class=\"disclaimer\">\n          Sources : RBC March\u00e9s des Capitaux, wahlrecht.de\n        <\/p>\n      <\/div>\n    <\/div>\n    <p>\n      RBC March\u00e9s des Capitaux pr\u00e9voit qu\u2019un gouvernement dirig\u00e9 par la CDU\/CSU\n      n\u2019ait pas d\u2019autre choix que d\u2019assouplir l\u00e9g\u00e8rement sa position budg\u00e9taire.\n      On pr\u00e9voit \u00e9galement plus de d\u00e9penses en d\u00e9fense et dans les\n      infrastructures dans le cadre de ce r\u00e9sultat.\n    <\/p>\n    <p>\n      Une r\u00e9forme de la r\u00e8gle du frein \u00e0 l\u2019endettement pourrait ainsi \u00eatre\n      envisag\u00e9e, en particulier si les trois partis traditionnels (la CDU\/CSU,\n      le SPD et les Verts) obtiennent une majorit\u00e9 de deux tiers, comme le\n      pr\u00e9voient les sondages actuels. Les trois partis semblent ouverts \u00e0 la\n      possibilit\u00e9 d\u2019une r\u00e9forme et les politiciens consid\u00e8rent de plus en plus\n      la r\u00e8gle constitutionnelle comme d\u00e9su\u00e8te, compte tenu de l\u2019\u00e9conomie en\n      difficult\u00e9 et du faible niveau d\u2019endettement de l\u2019Allemagne, qui est tr\u00e8s\n      bas d\u2019un point de vue international (le ratio de la dette au PIB est\n      inf\u00e9rieur \u00e0 60 %).\n    <\/p>\n    <p>\n      Autrement, le nouveau gouvernement pourrait d\u00e9clarer une \u00ab urgence \u00bb en\n      2025 afin de constituer un fonds sp\u00e9cial de d\u00e9penses publiques, une mesure\n      qui ne n\u00e9cessiterait qu\u2019une majorit\u00e9 simple au Parlement.\n    <\/p>\n    <p>\n      Outre un niveau de d\u00e9penses l\u00e9g\u00e8rement plus \u00e9lev\u00e9, un gouvernement dirig\u00e9\n      par la CDU\/CSU devrait \u00eatre plus favorable aux entreprises, de l\u2019avis de\n      RBC March\u00e9s des Capitaux, et prioriser les politiques \u00e9conomiques plut\u00f4t\n      qu\u2019environnementales. Dans son programme, la CDU\/CSU souhaite faire passer\n      l\u2019imp\u00f4t des soci\u00e9t\u00e9s de 30 % \u00e0 25 % et financer cette r\u00e9duction au moins\n      en partie par une diminution des prestations de ch\u00f4mage. RBC March\u00e9s des\n      Capitaux estime \u00e9galement qu\u2019une certaine d\u00e9r\u00e9glementation est possible,\n      tout comme un retour \u00e0 la production d\u2019\u00e9nergie nucl\u00e9aire au moyen de la\n      r\u00e9activation de r\u00e9acteurs ou de la mise en \u0153uvre de nouveaux r\u00e9acteurs\n      pour att\u00e9nuer les pressions sur les co\u00fbts de l\u2019\u00e9nergie.\n    <\/p>\n    <p>\n      Dans l\u2019ensemble, nous croyons que la fin de la paralysie qui a caract\u00e9ris\u00e9\n      le gouvernement de coalition pr\u00e9c\u00e9dent, un gouvernement plus favorable aux\n      entreprises, et une politique budg\u00e9taire l\u00e9g\u00e8rement expansionniste\n      seraient b\u00e9n\u00e9fiques \u00e0 l\u2019\u00e9conomie. Selon nous, ces politiques, si elles\n      sont mises en \u0153uvre, devraient plaire aux march\u00e9s boursiers.\n    <\/p>\n    <p>\n      Pourtant, les investisseurs doivent garder \u00e0 l\u2019esprit qu\u2019une relance\n      budg\u00e9taire \u00e0 grande \u00e9chelle demeure peu probable, car la CDU\/CSU est,\n      apr\u00e8s tout, un parti conservateur dans le paysage europ\u00e9en. Par ailleurs,\n      l\u2019Allemagne est aux prises avec des probl\u00e8mes structurels, notamment son\n      mod\u00e8le industriel qui bat de l\u2019aile, que ne saurait r\u00e9soudre la politique\n      budg\u00e9taire \u00e0 elle seule.\n    <\/p>\n    <!-- EXHIBIT -->\n    <h2>La Chine : un vent contraire qui se calme?<\/h2>\n    <p>\n      Une \u00e9conomie chinoise plus vigoureuse am\u00e9liorerait les perspectives pour\n      l\u2019Europe, \u00e9tant donn\u00e9 que la Chine est une destination d\u2019exportation cl\u00e9\n      pour les biens europ\u00e9ens et que de nombreuses soci\u00e9t\u00e9s europ\u00e9ennes y\n      exercent des activit\u00e9s.\n    <\/p>\n    <p>\n      M\u00eame si les annonces officielles en Chine ont \u00e9t\u00e9 largement d\u00e9cevantes au\n      cours des derniers mois, selon nous, les plus r\u00e9centes laissent entrevoir\n      une politique budg\u00e9taire plus proactive, une premi\u00e8re depuis 2020, ainsi\n      qu\u2019une politique mon\u00e9taire mod\u00e9r\u00e9ment expansionniste, un pivot par rapport\n      au positionnement prudent des 14 derni\u00e8res ann\u00e9es. En d\u00e9cembre, \u00e0 la suite\n      de la Conf\u00e9rence centrale sur le travail \u00e9conomique de deux jours, Beijing\n      s\u2019est engag\u00e9e \u00e0 stabiliser le march\u00e9 immobilier en 2025.\n    <\/p>\n    <p>\n      Tout cela nous porte \u00e0 croire que les investisseurs devraient garder\n      confiance en l\u2019arriv\u00e9e d\u2019une politique expansionniste. RBC Gestion\n      mondiale d\u2019actifs estime que la Chine dispose toujours d\u2019une marge de\n      man\u0153uvre budg\u00e9taire pour fournir un soutien \u00e9conomique important. Nous\n      nous attendons \u00e0 ce que des mesures soient annonc\u00e9es \u00e0 l\u2019occasion des\n      \u00ab deux sessions \u00bb de mars 2025, un \u00e9v\u00e9nement politique annuel phare o\u00f9\n      sont annonc\u00e9es des mesures importantes.\n    <\/p>\n    <p>\n      De grandes mesures de relance donneraient un regain d\u2019\u00e9nergie \u00e0 l\u2019Europe,\n      selon nous.\n    <\/p>\n    <!-- EXHIBIT -->\n    <h2>Qu\u2019est-ce que cela signifie pour les investisseurs?<\/h2>\n    <p>\n      Nous croyons qu\u2019il existe des difficult\u00e9s notables \u00e0 court terme en ce qui\n      a trait au rendement sup\u00e9rieur de l\u2019indice des actions europ\u00e9ennes. Elles\n      vont du manque de comp\u00e9titivit\u00e9 et de la faible croissance \u00e9conomique aux\n      risques g\u00e9opolitiques. Ces facteurs d\u00e9favorables justifient une l\u00e9g\u00e8re\n      sous-pond\u00e9ration des actions europ\u00e9ennes.\n    <\/p>\n    <p>\n      Toutefois, comme la confiance des investisseurs est \u00e0 la baisse et que les\n      faibles valorisations semblent d\u00e9j\u00e0 refl\u00e9ter bon nombre de ces\n      difficult\u00e9s, l\u2019un ou l\u2019autre de ces sc\u00e9narios pourrait offrir des\n      occasions aux investisseurs. Un accord de cessez-le-feu entre la Russie et\n      l\u2019Ukraine et un cycle de r\u00e9duction des taux plus important de la Banque\n      centrale europ\u00e9enne seraient \u00e9galement per\u00e7us favorablement, selon nous.\n    <\/p>\n    <p>\n      Nous continuons de privil\u00e9gier les soci\u00e9t\u00e9s de calibre mondial\n      qui profitent des tendances structurelles mondiales et qui en sont le\n      moteur, en particulier dans des cr\u00e9neaux comme le mat\u00e9riel de fabrication\n      de semiconducteurs, les g\u00e9nies \u00e9lectrique et m\u00e9canique, les gaz\n      industriels et les soins de sant\u00e9.\n    <\/p>\n","protected":false},"excerpt":{"rendered":"<p>En raison de facteurs structurels d\u00e9favorables, nous avons commenc\u00e9 \u00e0 sous-pond\u00e9rer les actions europ\u00e9ennes en d\u00e9cembre. Pourtant, un certain nombre de catalyseurs pourraient se pr\u00e9senter au premier trimestre et \u00eatre bien accueillis par les march\u00e9s boursiers. Nous examinons les occasions qui pourraient se pr\u00e9senter pour les actions europ\u00e9ennes.<\/p>\n","protected":false},"author":15,"featured_media":24635,"comment_status":"closed","ping_status":"closed","sticky":false,"template":"","format":"standard","meta":{"_acf_changed":false,"rbcwm_post_date":"2025-01-16T11:57:21","editor_notices":[],"rbc_url_alias":"","rbcwm_featured_desktop_image_position":"","rbcwm_featured_mobile_image_position":"","_jetpack_memberships_contains_paid_content":false,"footnotes":""},"categories":[510],"tags":[850,849],"rbcwm_content_owner":[675],"rbcwm_need":[],"rbcwm_segment":[],"rbcwm_solution":[],"rbcwm_topic":[590],"rbcwm_channel":[],"rbcwm_format":[],"class_list":["post-24634","post","type-post","status-publish","format-standard","has-post-thumbnail","hentry","category-analyse","tag-la-zone-euro","tag-tarif","rbcwm_content_owner-pag","rbcwm_topic-global-insights"],"acf":{"rbcwm_subtitle":"En raison de facteurs structurels d\u00e9favorables, nous avons commenc\u00e9 \u00e0 sous-pond\u00e9rer les actions europ\u00e9ennes en d\u00e9cembre. Pourtant, un certain nombre de catalyseurs pourraient se pr\u00e9senter au premier trimestre et \u00eatre bien accueillis par les march\u00e9s boursiers. Nous examinons les occasions qui pourraient se pr\u00e9senter pour les actions europ\u00e9ennes.","rbcwm_post_author":[958],"rbcwm_custom_breadcrumb_text":"","rbcwm_custom_breadcrumb_link_url":"","rbcwm_disclaimers":{"add_disclosures":["Yes"],"perspective_disclaimer":"","expandable":"","omit_from_pages":[],"disclaimer_footnote":""},"rbcwm_insight_cta_id":[10888],"rbcwm_pagination":{"next_link":"","next_link_text":"Next article","previous_link":"","previous_link_text":"Previous article"},"rbcwm_video_duration":"","article_time":"","rbcwm_enable_toc":false,"rbcwm_toc_selector":"h2"},"yoast_head":"<!-- This site is optimized with the Yoast SEO Premium plugin v24.8 (Yoast SEO v26.8) - https:\/\/yoast.com\/product\/yoast-seo-premium-wordpress\/ -->\n<title>Porter attention aux d\u00e9clencheurs pour l\u2019Europe<\/title>\n<meta name=\"description\" content=\"En raison de facteurs structurels d\u00e9favorables, nous avons commenc\u00e9 \u00e0 sous-pond\u00e9rer les actions europ\u00e9ennes en d\u00e9cembre. Pourtant, un certain nombre de catalyseurs pourraient se pr\u00e9senter au premier trimestre et \u00eatre bien accueillis par les march\u00e9s boursiers. Nous examinons les occasions qui pourraient se pr\u00e9senter pour les actions europ\u00e9ennes.\" \/>\n<meta name=\"robots\" content=\"index, follow, max-snippet:-1, max-image-preview:large, max-video-preview:-1\" \/>\n<link rel=\"canonical\" href=\"https:\/\/www.rbcwealthmanagement.com\/fr-ca\/insights\/pay-attention-to-triggers-for-europe\" \/>\n<meta property=\"og:locale\" content=\"fr_CA\" \/>\n<meta property=\"og:type\" content=\"article\" \/>\n<meta property=\"og:title\" content=\"Porter attention aux d\u00e9clencheurs pour l\u2019Europe\" \/>\n<meta property=\"og:description\" content=\"En raison de facteurs structurels d\u00e9favorables, nous avons commenc\u00e9 \u00e0 sous-pond\u00e9rer les actions europ\u00e9ennes en d\u00e9cembre. Pourtant, un certain nombre de catalyseurs pourraient se pr\u00e9senter au premier trimestre et \u00eatre bien accueillis par les march\u00e9s boursiers. Nous examinons les occasions qui pourraient se pr\u00e9senter pour les actions europ\u00e9ennes.\" \/>\n<meta property=\"og:url\" content=\"https:\/\/www.rbcwealthmanagement.com\/fr-ca\/insights\/pay-attention-to-triggers-for-europe\" \/>\n<meta property=\"og:site_name\" content=\"RBC Gestion de patrimoine\" \/>\n<meta property=\"article:published_time\" content=\"2025-01-17T18:19:29+00:00\" \/>\n<meta property=\"article:modified_time\" content=\"2025-01-17T18:19:30+00:00\" \/>\n<meta property=\"og:image\" content=\"https:\/\/www.rbcwealthmanagement.com\/fr-ca\/wp-content\/uploads\/sites\/6\/2023\/02\/scl-Oberbaum-Bridge-cityscape-Berlin-Germany-GIW-011625-1200x627-F.jpg\" \/>\n\t<meta property=\"og:image:width\" content=\"1200\" \/>\n\t<meta property=\"og:image:height\" content=\"627\" \/>\n\t<meta property=\"og:image:type\" content=\"image\/jpeg\" \/>\n<meta name=\"author\" content=\"taravandenberg\" \/>\n<meta name=\"twitter:card\" content=\"summary_large_image\" \/>\n<meta name=\"twitter:label1\" content=\"Est. reading time\" \/>\n\t<meta name=\"twitter:data1\" content=\"7 minutes\" \/>\n<script type=\"application\/ld+json\" class=\"yoast-schema-graph\">{\"@context\":\"https:\/\/schema.org\",\"@graph\":[{\"@type\":\"Article\",\"@id\":\"https:\/\/www.rbcwealthmanagement.com\/fr-ca\/insights\/pay-attention-to-triggers-for-europe#article\",\"isPartOf\":{\"@id\":\"https:\/\/www.rbcwealthmanagement.com\/fr-ca\/insights\/pay-attention-to-triggers-for-europe\"},\"author\":{\"name\":\"taravandenberg\",\"@id\":\"https:\/\/www.rbcwealthmanagement.com\/fr-ca\/#\/schema\/person\/8803578712bd073b70bbc17e6909b59b\"},\"headline\":\"Porter attention aux d\u00e9clencheurs pour l\u2019Europe\",\"datePublished\":\"2025-01-17T18:19:29+00:00\",\"dateModified\":\"2025-01-17T18:19:30+00:00\",\"mainEntityOfPage\":{\"@id\":\"https:\/\/www.rbcwealthmanagement.com\/fr-ca\/insights\/pay-attention-to-triggers-for-europe\"},\"wordCount\":1469,\"publisher\":{\"@id\":\"https:\/\/www.rbcwealthmanagement.com\/fr-ca\/#organization\"},\"image\":{\"@id\":\"https:\/\/www.rbcwealthmanagement.com\/fr-ca\/insights\/pay-attention-to-triggers-for-europe#primaryimage\"},\"thumbnailUrl\":\"https:\/\/www.rbcwealthmanagement.com\/fr-ca\/wp-content\/uploads\/sites\/6\/2025\/01\/Oberbaum-Bridge-cityscape-Berlin-Germany_588dea.jpg\",\"keywords\":[\"la zone euro\",\"tarif\"],\"articleSection\":[\"Analyse\"],\"inLanguage\":\"fr-CA\"},{\"@type\":\"WebPage\",\"@id\":\"https:\/\/www.rbcwealthmanagement.com\/fr-ca\/insights\/pay-attention-to-triggers-for-europe\",\"url\":\"https:\/\/www.rbcwealthmanagement.com\/fr-ca\/insights\/pay-attention-to-triggers-for-europe\",\"name\":\"Porter attention aux d\u00e9clencheurs pour l\u2019Europe\",\"isPartOf\":{\"@id\":\"https:\/\/www.rbcwealthmanagement.com\/fr-ca\/#website\"},\"primaryImageOfPage\":{\"@id\":\"https:\/\/www.rbcwealthmanagement.com\/fr-ca\/insights\/pay-attention-to-triggers-for-europe#primaryimage\"},\"image\":{\"@id\":\"https:\/\/www.rbcwealthmanagement.com\/fr-ca\/insights\/pay-attention-to-triggers-for-europe#primaryimage\"},\"thumbnailUrl\":\"https:\/\/www.rbcwealthmanagement.com\/fr-ca\/wp-content\/uploads\/sites\/6\/2025\/01\/Oberbaum-Bridge-cityscape-Berlin-Germany_588dea.jpg\",\"datePublished\":\"2025-01-17T18:19:29+00:00\",\"dateModified\":\"2025-01-17T18:19:30+00:00\",\"description\":\"En raison de facteurs structurels d\u00e9favorables, nous avons commenc\u00e9 \u00e0 sous-pond\u00e9rer les actions europ\u00e9ennes en d\u00e9cembre. Pourtant, un certain nombre de catalyseurs pourraient se pr\u00e9senter au premier trimestre et \u00eatre bien accueillis par les march\u00e9s boursiers. Nous examinons les occasions qui pourraient se pr\u00e9senter pour les actions europ\u00e9ennes.\",\"breadcrumb\":{\"@id\":\"https:\/\/www.rbcwealthmanagement.com\/fr-ca\/insights\/pay-attention-to-triggers-for-europe#breadcrumb\"},\"inLanguage\":\"fr-CA\",\"potentialAction\":[{\"@type\":\"ReadAction\",\"target\":[\"https:\/\/www.rbcwealthmanagement.com\/fr-ca\/insights\/pay-attention-to-triggers-for-europe\"]}]},{\"@type\":\"ImageObject\",\"inLanguage\":\"fr-CA\",\"@id\":\"https:\/\/www.rbcwealthmanagement.com\/fr-ca\/insights\/pay-attention-to-triggers-for-europe#primaryimage\",\"url\":\"https:\/\/www.rbcwealthmanagement.com\/fr-ca\/wp-content\/uploads\/sites\/6\/2025\/01\/Oberbaum-Bridge-cityscape-Berlin-Germany_588dea.jpg\",\"contentUrl\":\"https:\/\/www.rbcwealthmanagement.com\/fr-ca\/wp-content\/uploads\/sites\/6\/2025\/01\/Oberbaum-Bridge-cityscape-Berlin-Germany_588dea.jpg\",\"width\":3210,\"height\":2140,\"caption\":\"Oberbaum Bridge cityscape Berlin, Germany\"},{\"@type\":\"BreadcrumbList\",\"@id\":\"https:\/\/www.rbcwealthmanagement.com\/fr-ca\/insights\/pay-attention-to-triggers-for-europe#breadcrumb\",\"itemListElement\":[{\"@type\":\"ListItem\",\"position\":1,\"name\":\"Home\",\"item\":\"https:\/\/www.rbcwealthmanagement.com\/fr-ca\/\"},{\"@type\":\"ListItem\",\"position\":2,\"name\":\"Porter attention aux d\u00e9clencheurs pour l\u2019Europe\"}]},{\"@type\":\"WebSite\",\"@id\":\"https:\/\/www.rbcwealthmanagement.com\/fr-ca\/#website\",\"url\":\"https:\/\/www.rbcwealthmanagement.com\/fr-ca\/\",\"name\":\"RBC Gestion de patrimoine\",\"description\":\"\",\"publisher\":{\"@id\":\"https:\/\/www.rbcwealthmanagement.com\/fr-ca\/#organization\"},\"potentialAction\":[{\"@type\":\"SearchAction\",\"target\":{\"@type\":\"EntryPoint\",\"urlTemplate\":\"https:\/\/www.rbcwealthmanagement.com\/fr-ca\/?s={search_term_string}\"},\"query-input\":{\"@type\":\"PropertyValueSpecification\",\"valueRequired\":true,\"valueName\":\"search_term_string\"}}],\"inLanguage\":\"fr-CA\"},{\"@type\":\"Organization\",\"@id\":\"https:\/\/www.rbcwealthmanagement.com\/fr-ca\/#organization\",\"name\":\"RBC Gestion de Patrimoine\",\"alternateName\":\"RBC Gestion de Patrimoine\",\"url\":\"https:\/\/www.rbcwealthmanagement.com\/fr-ca\/\",\"logo\":{\"@type\":\"ImageObject\",\"inLanguage\":\"fr-CA\",\"@id\":\"https:\/\/www.rbcwealthmanagement.com\/fr-ca\/#\/schema\/logo\/image\/\",\"url\":\"https:\/\/www.rbcwealthmanagement.com\/fr-ca\/wp-content\/uploads\/sites\/6\/2023\/02\/rbc.png\",\"contentUrl\":\"https:\/\/www.rbcwealthmanagement.com\/fr-ca\/wp-content\/uploads\/sites\/6\/2023\/02\/rbc.png\",\"width\":3000,\"height\":2000,\"caption\":\"RBC Gestion de Patrimoine\"},\"image\":{\"@id\":\"https:\/\/www.rbcwealthmanagement.com\/fr-ca\/#\/schema\/logo\/image\/\"}},{\"@type\":\"Person\",\"@id\":\"https:\/\/www.rbcwealthmanagement.com\/fr-ca\/#\/schema\/person\/8803578712bd073b70bbc17e6909b59b\",\"name\":\"taravandenberg\",\"image\":{\"@type\":\"ImageObject\",\"inLanguage\":\"fr-CA\",\"@id\":\"https:\/\/www.rbcwealthmanagement.com\/fr-ca\/#\/schema\/person\/image\/\",\"url\":\"https:\/\/secure.gravatar.com\/avatar\/807f9a5b689d28ecee3262e00b8755e7d4849ada61e3144de1a2d65c713bfc12?s=96&d=mm&r=g\",\"contentUrl\":\"https:\/\/secure.gravatar.com\/avatar\/807f9a5b689d28ecee3262e00b8755e7d4849ada61e3144de1a2d65c713bfc12?s=96&d=mm&r=g\",\"caption\":\"taravandenberg\"}}]}<\/script>\n<!-- \/ Yoast SEO Premium plugin. -->","yoast_head_json":{"title":"Porter attention aux d\u00e9clencheurs pour l\u2019Europe","description":"En raison de facteurs structurels d\u00e9favorables, nous avons commenc\u00e9 \u00e0 sous-pond\u00e9rer les actions europ\u00e9ennes en d\u00e9cembre. Pourtant, un certain nombre de catalyseurs pourraient se pr\u00e9senter au premier trimestre et \u00eatre bien accueillis par les march\u00e9s boursiers. Nous examinons les occasions qui pourraient se pr\u00e9senter pour les actions europ\u00e9ennes.","robots":{"index":"index","follow":"follow","max-snippet":"max-snippet:-1","max-image-preview":"max-image-preview:large","max-video-preview":"max-video-preview:-1"},"canonical":"https:\/\/www.rbcwealthmanagement.com\/fr-ca\/insights\/pay-attention-to-triggers-for-europe","og_locale":"fr_CA","og_type":"article","og_title":"Porter attention aux d\u00e9clencheurs pour l\u2019Europe","og_description":"En raison de facteurs structurels d\u00e9favorables, nous avons commenc\u00e9 \u00e0 sous-pond\u00e9rer les actions europ\u00e9ennes en d\u00e9cembre. Pourtant, un certain nombre de catalyseurs pourraient se pr\u00e9senter au premier trimestre et \u00eatre bien accueillis par les march\u00e9s boursiers. Nous examinons les occasions qui pourraient se pr\u00e9senter pour les actions europ\u00e9ennes.","og_url":"https:\/\/www.rbcwealthmanagement.com\/fr-ca\/insights\/pay-attention-to-triggers-for-europe","og_site_name":"RBC Gestion de patrimoine","article_published_time":"2025-01-17T18:19:29+00:00","article_modified_time":"2025-01-17T18:19:30+00:00","og_image":[{"width":1200,"height":627,"url":"https:\/\/www.rbcwealthmanagement.com\/fr-ca\/wp-content\/uploads\/sites\/6\/2023\/02\/scl-Oberbaum-Bridge-cityscape-Berlin-Germany-GIW-011625-1200x627-F.jpg","type":"image\/jpeg"}],"author":"taravandenberg","twitter_card":"summary_large_image","twitter_misc":{"Est. reading time":"7 minutes"},"schema":{"@context":"https:\/\/schema.org","@graph":[{"@type":"Article","@id":"https:\/\/www.rbcwealthmanagement.com\/fr-ca\/insights\/pay-attention-to-triggers-for-europe#article","isPartOf":{"@id":"https:\/\/www.rbcwealthmanagement.com\/fr-ca\/insights\/pay-attention-to-triggers-for-europe"},"author":{"name":"taravandenberg","@id":"https:\/\/www.rbcwealthmanagement.com\/fr-ca\/#\/schema\/person\/8803578712bd073b70bbc17e6909b59b"},"headline":"Porter attention aux d\u00e9clencheurs pour l\u2019Europe","datePublished":"2025-01-17T18:19:29+00:00","dateModified":"2025-01-17T18:19:30+00:00","mainEntityOfPage":{"@id":"https:\/\/www.rbcwealthmanagement.com\/fr-ca\/insights\/pay-attention-to-triggers-for-europe"},"wordCount":1469,"publisher":{"@id":"https:\/\/www.rbcwealthmanagement.com\/fr-ca\/#organization"},"image":{"@id":"https:\/\/www.rbcwealthmanagement.com\/fr-ca\/insights\/pay-attention-to-triggers-for-europe#primaryimage"},"thumbnailUrl":"https:\/\/www.rbcwealthmanagement.com\/fr-ca\/wp-content\/uploads\/sites\/6\/2025\/01\/Oberbaum-Bridge-cityscape-Berlin-Germany_588dea.jpg","keywords":["la zone euro","tarif"],"articleSection":["Analyse"],"inLanguage":"fr-CA"},{"@type":"WebPage","@id":"https:\/\/www.rbcwealthmanagement.com\/fr-ca\/insights\/pay-attention-to-triggers-for-europe","url":"https:\/\/www.rbcwealthmanagement.com\/fr-ca\/insights\/pay-attention-to-triggers-for-europe","name":"Porter attention aux d\u00e9clencheurs pour l\u2019Europe","isPartOf":{"@id":"https:\/\/www.rbcwealthmanagement.com\/fr-ca\/#website"},"primaryImageOfPage":{"@id":"https:\/\/www.rbcwealthmanagement.com\/fr-ca\/insights\/pay-attention-to-triggers-for-europe#primaryimage"},"image":{"@id":"https:\/\/www.rbcwealthmanagement.com\/fr-ca\/insights\/pay-attention-to-triggers-for-europe#primaryimage"},"thumbnailUrl":"https:\/\/www.rbcwealthmanagement.com\/fr-ca\/wp-content\/uploads\/sites\/6\/2025\/01\/Oberbaum-Bridge-cityscape-Berlin-Germany_588dea.jpg","datePublished":"2025-01-17T18:19:29+00:00","dateModified":"2025-01-17T18:19:30+00:00","description":"En raison de facteurs structurels d\u00e9favorables, nous avons commenc\u00e9 \u00e0 sous-pond\u00e9rer les actions europ\u00e9ennes en d\u00e9cembre. Pourtant, un certain nombre de catalyseurs pourraient se pr\u00e9senter au premier trimestre et \u00eatre bien accueillis par les march\u00e9s boursiers. Nous examinons les occasions qui pourraient se pr\u00e9senter pour les actions europ\u00e9ennes.","breadcrumb":{"@id":"https:\/\/www.rbcwealthmanagement.com\/fr-ca\/insights\/pay-attention-to-triggers-for-europe#breadcrumb"},"inLanguage":"fr-CA","potentialAction":[{"@type":"ReadAction","target":["https:\/\/www.rbcwealthmanagement.com\/fr-ca\/insights\/pay-attention-to-triggers-for-europe"]}]},{"@type":"ImageObject","inLanguage":"fr-CA","@id":"https:\/\/www.rbcwealthmanagement.com\/fr-ca\/insights\/pay-attention-to-triggers-for-europe#primaryimage","url":"https:\/\/www.rbcwealthmanagement.com\/fr-ca\/wp-content\/uploads\/sites\/6\/2025\/01\/Oberbaum-Bridge-cityscape-Berlin-Germany_588dea.jpg","contentUrl":"https:\/\/www.rbcwealthmanagement.com\/fr-ca\/wp-content\/uploads\/sites\/6\/2025\/01\/Oberbaum-Bridge-cityscape-Berlin-Germany_588dea.jpg","width":3210,"height":2140,"caption":"Oberbaum Bridge cityscape Berlin, Germany"},{"@type":"BreadcrumbList","@id":"https:\/\/www.rbcwealthmanagement.com\/fr-ca\/insights\/pay-attention-to-triggers-for-europe#breadcrumb","itemListElement":[{"@type":"ListItem","position":1,"name":"Home","item":"https:\/\/www.rbcwealthmanagement.com\/fr-ca\/"},{"@type":"ListItem","position":2,"name":"Porter attention aux d\u00e9clencheurs pour l\u2019Europe"}]},{"@type":"WebSite","@id":"https:\/\/www.rbcwealthmanagement.com\/fr-ca\/#website","url":"https:\/\/www.rbcwealthmanagement.com\/fr-ca\/","name":"RBC Gestion de patrimoine","description":"","publisher":{"@id":"https:\/\/www.rbcwealthmanagement.com\/fr-ca\/#organization"},"potentialAction":[{"@type":"SearchAction","target":{"@type":"EntryPoint","urlTemplate":"https:\/\/www.rbcwealthmanagement.com\/fr-ca\/?s={search_term_string}"},"query-input":{"@type":"PropertyValueSpecification","valueRequired":true,"valueName":"search_term_string"}}],"inLanguage":"fr-CA"},{"@type":"Organization","@id":"https:\/\/www.rbcwealthmanagement.com\/fr-ca\/#organization","name":"RBC Gestion de Patrimoine","alternateName":"RBC Gestion de Patrimoine","url":"https:\/\/www.rbcwealthmanagement.com\/fr-ca\/","logo":{"@type":"ImageObject","inLanguage":"fr-CA","@id":"https:\/\/www.rbcwealthmanagement.com\/fr-ca\/#\/schema\/logo\/image\/","url":"https:\/\/www.rbcwealthmanagement.com\/fr-ca\/wp-content\/uploads\/sites\/6\/2023\/02\/rbc.png","contentUrl":"https:\/\/www.rbcwealthmanagement.com\/fr-ca\/wp-content\/uploads\/sites\/6\/2023\/02\/rbc.png","width":3000,"height":2000,"caption":"RBC Gestion de Patrimoine"},"image":{"@id":"https:\/\/www.rbcwealthmanagement.com\/fr-ca\/#\/schema\/logo\/image\/"}},{"@type":"Person","@id":"https:\/\/www.rbcwealthmanagement.com\/fr-ca\/#\/schema\/person\/8803578712bd073b70bbc17e6909b59b","name":"taravandenberg","image":{"@type":"ImageObject","inLanguage":"fr-CA","@id":"https:\/\/www.rbcwealthmanagement.com\/fr-ca\/#\/schema\/person\/image\/","url":"https:\/\/secure.gravatar.com\/avatar\/807f9a5b689d28ecee3262e00b8755e7d4849ada61e3144de1a2d65c713bfc12?s=96&d=mm&r=g","contentUrl":"https:\/\/secure.gravatar.com\/avatar\/807f9a5b689d28ecee3262e00b8755e7d4849ada61e3144de1a2d65c713bfc12?s=96&d=mm&r=g","caption":"taravandenberg"}}]}},"jetpack_featured_media_url":"https:\/\/www.rbcwealthmanagement.com\/fr-ca\/wp-content\/uploads\/sites\/6\/2025\/01\/Oberbaum-Bridge-cityscape-Berlin-Germany_588dea.jpg","jetpack_sharing_enabled":true,"publishpress_future_action":{"enabled":false,"date":"2026-05-05 09:13:12","action":"change-status","newStatus":"draft","terms":[],"taxonomy":"category","extraData":[]},"publishpress_future_workflow_manual_trigger":{"enabledWorkflows":[]},"distributor_meta":false,"distributor_terms":false,"distributor_media":false,"distributor_original_site_name":"RBC Gestion de patrimoine","distributor_original_site_url":"https:\/\/www.rbcwealthmanagement.com\/fr-ca","push-errors":false,"last_revision_date":"2025-01-17 12:01:10","_links":{"self":[{"href":"https:\/\/www.rbcwealthmanagement.com\/fr-ca\/wp-json\/wp\/v2\/posts\/24634","targetHints":{"allow":["GET"]}}],"collection":[{"href":"https:\/\/www.rbcwealthmanagement.com\/fr-ca\/wp-json\/wp\/v2\/posts"}],"about":[{"href":"https:\/\/www.rbcwealthmanagement.com\/fr-ca\/wp-json\/wp\/v2\/types\/post"}],"author":[{"embeddable":true,"href":"https:\/\/www.rbcwealthmanagement.com\/fr-ca\/wp-json\/wp\/v2\/users\/15"}],"replies":[{"embeddable":true,"href":"https:\/\/www.rbcwealthmanagement.com\/fr-ca\/wp-json\/wp\/v2\/comments?post=24634"}],"version-history":[{"count":7,"href":"https:\/\/www.rbcwealthmanagement.com\/fr-ca\/wp-json\/wp\/v2\/posts\/24634\/revisions"}],"predecessor-version":[{"id":24642,"href":"https:\/\/www.rbcwealthmanagement.com\/fr-ca\/wp-json\/wp\/v2\/posts\/24634\/revisions\/24642"}],"acf:post":[{"embeddable":true,"href":"https:\/\/www.rbcwealthmanagement.com\/fr-ca\/wp-json\/wp\/v2\/rbcwm_cta\/10888"},{"embeddable":true,"href":"https:\/\/www.rbcwealthmanagement.com\/fr-ca\/wp-json\/wp\/v2\/rbcwm_people\/958"}],"wp:featuredmedia":[{"embeddable":true,"href":"https:\/\/www.rbcwealthmanagement.com\/fr-ca\/wp-json\/wp\/v2\/media\/24635"}],"wp:attachment":[{"href":"https:\/\/www.rbcwealthmanagement.com\/fr-ca\/wp-json\/wp\/v2\/media?parent=24634"}],"wp:term":[{"taxonomy":"category","embeddable":true,"href":"https:\/\/www.rbcwealthmanagement.com\/fr-ca\/wp-json\/wp\/v2\/categories?post=24634"},{"taxonomy":"post_tag","embeddable":true,"href":"https:\/\/www.rbcwealthmanagement.com\/fr-ca\/wp-json\/wp\/v2\/tags?post=24634"},{"taxonomy":"rbcwm_content_owner","embeddable":true,"href":"https:\/\/www.rbcwealthmanagement.com\/fr-ca\/wp-json\/wp\/v2\/rbcwm_content_owner?post=24634"},{"taxonomy":"rbcwm_need","embeddable":true,"href":"https:\/\/www.rbcwealthmanagement.com\/fr-ca\/wp-json\/wp\/v2\/rbcwm_need?post=24634"},{"taxonomy":"rbcwm_segment","embeddable":true,"href":"https:\/\/www.rbcwealthmanagement.com\/fr-ca\/wp-json\/wp\/v2\/rbcwm_segment?post=24634"},{"taxonomy":"rbcwm_solution","embeddable":true,"href":"https:\/\/www.rbcwealthmanagement.com\/fr-ca\/wp-json\/wp\/v2\/rbcwm_solution?post=24634"},{"taxonomy":"rbcwm_topic","embeddable":true,"href":"https:\/\/www.rbcwealthmanagement.com\/fr-ca\/wp-json\/wp\/v2\/rbcwm_topic?post=24634"},{"taxonomy":"rbcwm_channel","embeddable":true,"href":"https:\/\/www.rbcwealthmanagement.com\/fr-ca\/wp-json\/wp\/v2\/rbcwm_channel?post=24634"},{"taxonomy":"rbcwm_format","embeddable":true,"href":"https:\/\/www.rbcwealthmanagement.com\/fr-ca\/wp-json\/wp\/v2\/rbcwm_format?post=24634"}],"curies":[{"name":"wp","href":"https:\/\/api.w.org\/{rel}","templated":true}]}}